{"id":204168,"date":"2022-10-20T16:22:29","date_gmt":"2022-10-20T14:22:29","guid":{"rendered":"https:\/\/www.automobile-magazine.fr\/scoops\/article\/36263-porsche-taycan-un-restylage-et-encore-plus-de-puissance-a-lapproche"},"modified":"2023-08-17T04:50:12","modified_gmt":"2023-08-17T04:50:12","slug":"porsche-taycan-un-restylage-et-encore-plus-de-puissance-a-lapproche","status":"publish","type":"post","link":"https:\/\/www.evearly.news\/fr\/porsche-taycan-un-restylage-et-encore-plus-de-puissance-a-lapproche\/","title":{"rendered":"Porsche Taycan, un restylage et encore plus de puissance \u00e0 l\u2019approche"},"content":{"rendered":"<div class=\"media_block\"><img decoding=\"async\" src=\"https:\/\/news.evearly.com\/wp-content\/uploads\/2022\/10\/porsche-taycan-un-restylage-et-encore-plus-de-puissance-a-lapproche.jpg\"><\/div>\n<p>Chez Porsche, la Taycan a ouvert la voie \u00e0 l\u2019\u00e9lectrification de la gamme. La berline watt\u00e9e comme ses d\u00e9riv\u00e9s, break de chasse, Taycan Sport Turismo et break baroudeur, Taycan Cross Turismo passeront fin 2023 par la case restylage. En voici la preuve par l\u2019image. <a href=\"https:\/\/www.automobile-magazine.fr\/scoops\/article\/36263-porsche-taycan-un-restylage-et-encore-plus-de-puissance-a-lapproche\" target='bwindow' rel=\"noopener\">Lire la suite&#8230;<\/a><\/p>\n","protected":false},"excerpt":{"rendered":"<p>&#8230; <a class=\"continue-reading-link\" href=\"https:\/\/www.evearly.news\/fr\/porsche-taycan-un-restylage-et-encore-plus-de-puissance-a-lapproche\/\"><\/a><\/p>\n","protected":false},"author":7,"featured_media":0,"comment_status":"closed","ping_status":"closed","sticky":false,"template":"","format":"standard","meta":{"footnotes":""},"categories":[7],"tags":[],"class_list":["post-204168","post","type-post","status-publish","format-standard","hentry","category-automobile-magazine"],"_links":{"self":[{"href":"https:\/\/www.evearly.news\/fr\/wp-json\/wp\/v2\/posts\/204168","targetHints":{"allow":["GET"]}}],"collection":[{"href":"https:\/\/www.evearly.news\/fr\/wp-json\/wp\/v2\/posts"}],"about":[{"href":"https:\/\/www.evearly.news\/fr\/wp-json\/wp\/v2\/types\/post"}],"author":[{"embeddable":true,"href":"https:\/\/www.evearly.news\/fr\/wp-json\/wp\/v2\/users\/7"}],"replies":[{"embeddable":true,"href":"https:\/\/www.evearly.news\/fr\/wp-json\/wp\/v2\/comments?post=204168"}],"version-history":[{"count":1,"href":"https:\/\/www.evearly.news\/fr\/wp-json\/wp\/v2\/posts\/204168\/revisions"}],"predecessor-version":[{"id":253389,"href":"https:\/\/www.evearly.news\/fr\/wp-json\/wp\/v2\/posts\/204168\/revisions\/253389"}],"wp:attachment":[{"href":"https:\/\/www.evearly.news\/fr\/wp-json\/wp\/v2\/media?parent=204168"}],"wp:term":[{"taxonomy":"category","embeddable":true,"href":"https:\/\/www.evearly.news\/fr\/wp-json\/wp\/v2\/categories?post=204168"},{"taxonomy":"post_tag","embeddable":true,"href":"https:\/\/www.evearly.news\/fr\/wp-json\/wp\/v2\/tags?post=204168"}],"curies":[{"name":"wp","href":"https:\/\/api.w.org\/{rel}","templated":true}]}}