{"id":204259,"date":"2022-10-21T10:23:01","date_gmt":"2022-10-21T08:23:01","guid":{"rendered":"https:\/\/www.frandroid.com\/marques\/tesla\/1515028_tesla-voici-deux-nouvelles-couleurs-magnifiques-reservees-a-la-model-y-europeenne"},"modified":"2022-10-21T10:23:01","modified_gmt":"2022-10-21T08:23:01","slug":"tesla-voici-deux-nouvelles-couleurs-magnifiques-reservees-a-la-model-y-europeenne","status":"publish","type":"post","link":"https:\/\/www.evearly.news\/fr\/tesla-voici-deux-nouvelles-couleurs-magnifiques-reservees-a-la-model-y-europeenne\/","title":{"rendered":"Tesla : voici deux nouvelles couleurs magnifiques, r\u00e9serv\u00e9es \u00e0 la Model Y europ\u00e9enne"},"content":{"rendered":"<p><img decoding=\"async\" loading=\"lazy\" class=\"size-medium wp-image-1515034\" src=\"https:\/\/news.evearly.com\/wp-content\/uploads\/2022\/10\/tesla-voici-deux-nouvelles-couleurs-magnifiques-reservees-a-la-model-y-europeenne.jpg\" alt=\"\" width=\"1200\" height=\"675\" \/><br \/>C&rsquo;est d\u00e9sormais officiel : deux nouveaux coloris sont propos\u00e9s sur le configurateur en ligne de Tesla pour sa Model Y fabriqu\u00e9e \u00e0 Berlin. Attention toutefois : \u00e0 coloris exclusif, tarif exclusif.Elles \u00e9taient attendues depuis de longs mois, et c\u2019est d\u00e9sormais officiel : deux nouvelles couleurs font leur apparition sur le configurateur en ligne de la [\u2026] <a href=\"https:\/\/www.frandroid.com\/marques\/tesla\/1515028_tesla-voici-deux-nouvelles-couleurs-magnifiques-reservees-a-la-model-y-europeenne\" target=\"blank\" rel=\"noopener\">Lire la suite&#8230;<\/a><\/p>\n","protected":false},"excerpt":{"rendered":"<p>&#8230; <a class=\"continue-reading-link\" href=\"https:\/\/www.evearly.news\/fr\/tesla-voici-deux-nouvelles-couleurs-magnifiques-reservees-a-la-model-y-europeenne\/\"><\/a><\/p>\n","protected":false},"author":6,"featured_media":204260,"comment_status":"closed","ping_status":"closed","sticky":false,"template":"","format":"standard","meta":{"footnotes":""},"categories":[14],"tags":[],"class_list":["post-204259","post","type-post","status-publish","format-standard","has-post-thumbnail","hentry","category-frandroid"],"_links":{"self":[{"href":"https:\/\/www.evearly.news\/fr\/wp-json\/wp\/v2\/posts\/204259","targetHints":{"allow":["GET"]}}],"collection":[{"href":"https:\/\/www.evearly.news\/fr\/wp-json\/wp\/v2\/posts"}],"about":[{"href":"https:\/\/www.evearly.news\/fr\/wp-json\/wp\/v2\/types\/post"}],"author":[{"embeddable":true,"href":"https:\/\/www.evearly.news\/fr\/wp-json\/wp\/v2\/users\/6"}],"replies":[{"embeddable":true,"href":"https:\/\/www.evearly.news\/fr\/wp-json\/wp\/v2\/comments?post=204259"}],"version-history":[{"count":0,"href":"https:\/\/www.evearly.news\/fr\/wp-json\/wp\/v2\/posts\/204259\/revisions"}],"wp:featuredmedia":[{"embeddable":true,"href":"https:\/\/www.evearly.news\/fr\/wp-json\/"}],"wp:attachment":[{"href":"https:\/\/www.evearly.news\/fr\/wp-json\/wp\/v2\/media?parent=204259"}],"wp:term":[{"taxonomy":"category","embeddable":true,"href":"https:\/\/www.evearly.news\/fr\/wp-json\/wp\/v2\/categories?post=204259"},{"taxonomy":"post_tag","embeddable":true,"href":"https:\/\/www.evearly.news\/fr\/wp-json\/wp\/v2\/tags?post=204259"}],"curies":[{"name":"wp","href":"https:\/\/api.w.org\/{rel}","templated":true}]}}