{"id":205106,"date":"2022-10-26T09:50:26","date_gmt":"2022-10-26T07:50:26","guid":{"rendered":"https:\/\/www.automobile-propre.com\/?post_type=breves&amp;p=161010"},"modified":"2022-10-26T09:50:26","modified_gmt":"2022-10-26T07:50:26","slug":"toyota-presente-la-bz3-sa-rivale-de-la-tesla-model-3-pour-la-chine","status":"publish","type":"post","link":"https:\/\/www.evearly.news\/fr\/toyota-presente-la-bz3-sa-rivale-de-la-tesla-model-3-pour-la-chine\/","title":{"rendered":"Toyota pr\u00e9sente la bZ3, sa rivale de la Tesla Model 3 pour la Chine"},"content":{"rendered":"<p><img loading=\"lazy\" decoding=\"async\" width=\"500\" height=\"333\" src=\"https:\/\/news.evearly.com\/wp-content\/uploads\/2022\/10\/toyota-presente-la-bz3-sa-rivale-de-la-tesla-model-3-pour-la-chine.jpg\" class=\"attachment-186x124 size-186x124 wp-post-image\" alt=\"Toyota bZ3\" \/><br \/>\nLe second mod\u00e8le de la famille bZ de Toyota sera une berline \u00e9lectrique, la bZ3. Con\u00e7ue en partenariat avec BYD, elle sera r\u00e9serv\u00e9e au seul march\u00e9 chinois o\u00f9 elle aura la lourde charge d&rsquo;affronter les multiples berlines chinoises, et bien entendu la Tesla Model 3. <a href=\"https:\/\/www.automobile-propre.com\/toyota-presente-la-bz3-sa-rivale-de-la-tesla-model-3-pour-la-chine\/\" target='bwindow' rel=\"noopener\">Lire la suite&#8230;<\/a><\/p>\n","protected":false},"excerpt":{"rendered":"<p>Le second mod\u00e8le de la famille bZ de Toyota sera une berline \u00e9lectrique, la bZ3. Con\u00e7ue en partenariat avec BYD, elle sera r\u00e9serv\u00e9e au seul march\u00e9 chinois o\u00f9 elle aura la lourde charge d&rsquo;affronter les multiples berlines chinoises, et bien entendu la Tesla Model 3&#8230;. <a class=\"continue-reading-link\" href=\"https:\/\/www.evearly.news\/fr\/toyota-presente-la-bz3-sa-rivale-de-la-tesla-model-3-pour-la-chine\/\"><\/a><\/p>\n","protected":false},"author":8,"featured_media":0,"comment_status":"closed","ping_status":"closed","sticky":false,"template":"","format":"standard","meta":{"footnotes":""},"categories":[8],"tags":[],"class_list":["post-205106","post","type-post","status-publish","format-standard","hentry","category-automobile-propre"],"_links":{"self":[{"href":"https:\/\/www.evearly.news\/fr\/wp-json\/wp\/v2\/posts\/205106","targetHints":{"allow":["GET"]}}],"collection":[{"href":"https:\/\/www.evearly.news\/fr\/wp-json\/wp\/v2\/posts"}],"about":[{"href":"https:\/\/www.evearly.news\/fr\/wp-json\/wp\/v2\/types\/post"}],"author":[{"embeddable":true,"href":"https:\/\/www.evearly.news\/fr\/wp-json\/wp\/v2\/users\/8"}],"replies":[{"embeddable":true,"href":"https:\/\/www.evearly.news\/fr\/wp-json\/wp\/v2\/comments?post=205106"}],"version-history":[{"count":0,"href":"https:\/\/www.evearly.news\/fr\/wp-json\/wp\/v2\/posts\/205106\/revisions"}],"wp:attachment":[{"href":"https:\/\/www.evearly.news\/fr\/wp-json\/wp\/v2\/media?parent=205106"}],"wp:term":[{"taxonomy":"category","embeddable":true,"href":"https:\/\/www.evearly.news\/fr\/wp-json\/wp\/v2\/categories?post=205106"},{"taxonomy":"post_tag","embeddable":true,"href":"https:\/\/www.evearly.news\/fr\/wp-json\/wp\/v2\/tags?post=205106"}],"curies":[{"name":"wp","href":"https:\/\/api.w.org\/{rel}","templated":true}]}}