{"id":205240,"date":"2022-10-26T17:00:00","date_gmt":"2022-10-26T15:00:00","guid":{"rendered":"https:\/\/www.automobile-magazine.fr\/insolite\/article\/36359-quand-la-renault-4l-trophy-du-mondial-rend-hommage-a-lespace-f1"},"modified":"2023-08-17T04:48:17","modified_gmt":"2023-08-17T04:48:17","slug":"quand-la-renault-4l-trophy-du-mondial-rend-hommage-a-lespace-f1","status":"publish","type":"post","link":"https:\/\/www.evearly.news\/fr\/quand-la-renault-4l-trophy-du-mondial-rend-hommage-a-lespace-f1\/","title":{"rendered":"Quand la Renault 4L Trophy du Mondial rend hommage \u00e0 l\u2019Espace F1"},"content":{"rendered":"<div class=\"media_block\"><img decoding=\"async\" src=\"https:\/\/news.evearly.com\/wp-content\/uploads\/2022\/10\/quand-la-renault-4l-trophy-du-mondial-rend-hommage-a-lespace-f1.jpg\"><\/div>\n<p>Nous avons tent\u00e9 de faire la synth\u00e8se entre les Renault 4Ever Trophy et R5 Turbo 3E expos\u00e9es au Mondial de Paris. Voici le fruit de notre r\u00e9flexion , une quatrelle virile, fille de l\u2019Espace F1. Qu\u2019en dites vous ? <a href=\"https:\/\/www.automobile-magazine.fr\/insolite\/article\/36359-quand-la-renault-4l-trophy-du-mondial-rend-hommage-a-lespace-f1\" target='bwindow' rel=\"noopener\">Lire la suite&#8230;<\/a><\/p>\n","protected":false},"excerpt":{"rendered":"<p>&#8230; <a class=\"continue-reading-link\" href=\"https:\/\/www.evearly.news\/fr\/quand-la-renault-4l-trophy-du-mondial-rend-hommage-a-lespace-f1\/\"><\/a><\/p>\n","protected":false},"author":7,"featured_media":0,"comment_status":"closed","ping_status":"closed","sticky":false,"template":"","format":"standard","meta":{"footnotes":""},"categories":[7],"tags":[],"class_list":["post-205240","post","type-post","status-publish","format-standard","hentry","category-automobile-magazine"],"_links":{"self":[{"href":"https:\/\/www.evearly.news\/fr\/wp-json\/wp\/v2\/posts\/205240","targetHints":{"allow":["GET"]}}],"collection":[{"href":"https:\/\/www.evearly.news\/fr\/wp-json\/wp\/v2\/posts"}],"about":[{"href":"https:\/\/www.evearly.news\/fr\/wp-json\/wp\/v2\/types\/post"}],"author":[{"embeddable":true,"href":"https:\/\/www.evearly.news\/fr\/wp-json\/wp\/v2\/users\/7"}],"replies":[{"embeddable":true,"href":"https:\/\/www.evearly.news\/fr\/wp-json\/wp\/v2\/comments?post=205240"}],"version-history":[{"count":1,"href":"https:\/\/www.evearly.news\/fr\/wp-json\/wp\/v2\/posts\/205240\/revisions"}],"predecessor-version":[{"id":253371,"href":"https:\/\/www.evearly.news\/fr\/wp-json\/wp\/v2\/posts\/205240\/revisions\/253371"}],"wp:attachment":[{"href":"https:\/\/www.evearly.news\/fr\/wp-json\/wp\/v2\/media?parent=205240"}],"wp:term":[{"taxonomy":"category","embeddable":true,"href":"https:\/\/www.evearly.news\/fr\/wp-json\/wp\/v2\/categories?post=205240"},{"taxonomy":"post_tag","embeddable":true,"href":"https:\/\/www.evearly.news\/fr\/wp-json\/wp\/v2\/tags?post=205240"}],"curies":[{"name":"wp","href":"https:\/\/api.w.org\/{rel}","templated":true}]}}