{"id":205283,"date":"2022-10-26T17:10:23","date_gmt":"2022-10-26T15:10:23","guid":{"rendered":"http:\/\/tag:typepad.com,2003:post-6a00d8341bfe5d53ef02ae7b081104200b"},"modified":"2023-08-28T18:35:50","modified_gmt":"2023-08-28T18:35:50","slug":"face-a-la-precarite-energetique-dijon-metropole-apporte-une-response-avec-lautoconsommation-collective","status":"publish","type":"post","link":"https:\/\/www.evearly.news\/fr\/face-a-la-precarite-energetique-dijon-metropole-apporte-une-response-avec-lautoconsommation-collective\/","title":{"rendered":"Face \u00e0 la pr\u00e9carit\u00e9 \u00e9nerg\u00e9tique, Dijon M\u00e9tropole apporte une RESPONSE avec l\u2019autoconsommation collective"},"content":{"rendered":"<p><img decoding=\"async\" class=\"asset asset-image at-xid-6a00d8341bfe5d53ef02ae6fb2a86b200c img-responsive\" style=\"width: 560px;\" title=\"Fran\u00e7ois_Rebsamen_Dijon\" src=\"https:\/\/news.evearly.com\/wp-content\/uploads\/2022\/10\/face-a-la-precarite-energetique-dijon-metropole-apporte-une-response-avec-lautoconsommation-collective.jpg\" alt=\"Fran\u00e7ois_Rebsamen_Dijon\" \/><br \/>\nLe projet d\u2019autoconsommation collective de Dijon M\u00e9tropole concerne pr\u00e8s de de 500 logements et 1100 habitants. Il pr\u00e9voit le d\u00e9ploiement de deux \u00eelots \u00e0 \u00e9nergie positive sur le quartier prioritaire de Fontaine d\u2019Ouche. Les deux \u00eelots produiront ainsi 20% d\u2019\u00e9nergie&#8230;\u00a0\u00a0\u00a0\u00a0<a href=\"https:\/\/feeds.feedblitz.com\/~\/717243558\/0\/tecsol~Face-%c3%a0-la-pr%c3%a9carit%c3%a9-%c3%a9nerg%c3%a9tique-Dijon-M%c3%a9tropole-apporte-une-RESPONSE-avec-l%e2%80%99autoconsommation-collective.html\" target=\"bwindow\" rel=\"noopener\">Lire la suite&#8230;<\/a><\/p>\n","protected":false},"excerpt":{"rendered":"<p>&#8230; <a class=\"continue-reading-link\" href=\"https:\/\/www.evearly.news\/fr\/face-a-la-precarite-energetique-dijon-metropole-apporte-une-response-avec-lautoconsommation-collective\/\"><\/a><\/p>\n","protected":false},"author":25,"featured_media":0,"comment_status":"closed","ping_status":"closed","sticky":false,"template":"","format":"standard","meta":{"footnotes":""},"categories":[22],"tags":[],"class_list":["post-205283","post","type-post","status-publish","format-standard","hentry","category-tecsol"],"_links":{"self":[{"href":"https:\/\/www.evearly.news\/fr\/wp-json\/wp\/v2\/posts\/205283","targetHints":{"allow":["GET"]}}],"collection":[{"href":"https:\/\/www.evearly.news\/fr\/wp-json\/wp\/v2\/posts"}],"about":[{"href":"https:\/\/www.evearly.news\/fr\/wp-json\/wp\/v2\/types\/post"}],"author":[{"embeddable":true,"href":"https:\/\/www.evearly.news\/fr\/wp-json\/wp\/v2\/users\/25"}],"replies":[{"embeddable":true,"href":"https:\/\/www.evearly.news\/fr\/wp-json\/wp\/v2\/comments?post=205283"}],"version-history":[{"count":1,"href":"https:\/\/www.evearly.news\/fr\/wp-json\/wp\/v2\/posts\/205283\/revisions"}],"predecessor-version":[{"id":261102,"href":"https:\/\/www.evearly.news\/fr\/wp-json\/wp\/v2\/posts\/205283\/revisions\/261102"}],"wp:attachment":[{"href":"https:\/\/www.evearly.news\/fr\/wp-json\/wp\/v2\/media?parent=205283"}],"wp:term":[{"taxonomy":"category","embeddable":true,"href":"https:\/\/www.evearly.news\/fr\/wp-json\/wp\/v2\/categories?post=205283"},{"taxonomy":"post_tag","embeddable":true,"href":"https:\/\/www.evearly.news\/fr\/wp-json\/wp\/v2\/tags?post=205283"}],"curies":[{"name":"wp","href":"https:\/\/api.w.org\/{rel}","templated":true}]}}