{"id":206874,"date":"2022-11-04T06:00:13","date_gmt":"2022-11-04T05:00:13","guid":{"rendered":"https:\/\/www.avem.fr\/?p=50713"},"modified":"2023-08-17T18:43:37","modified_gmt":"2023-08-17T18:43:37","slug":"jusqua-500-km-par-jour-pour-les-bus-electriques-mercedes-ecitaro","status":"publish","type":"post","link":"https:\/\/www.evearly.news\/fr\/jusqua-500-km-par-jour-pour-les-bus-electriques-mercedes-ecitaro\/","title":{"rendered":"Jusqu\u2019\u00e0 500 km par jour pour les bus \u00e9lectriques Mercedes eCitaro"},"content":{"rendered":"<p><img decoding=\"async\" width=\"1000\" height=\"563\" src=\"https:\/\/news.evearly.com\/wp-content\/uploads\/2022\/11\/jusqua-500-km-par-jour-pour-les-bus-electriques-mercedes-ecitaro.jpg\" class=\"attachment-post-thumbnail size-post-thumbnail wp-post-image\" alt=\"Autobus \u00e9lectrique Mercedes eCitaro\" loading=\"lazy\" \/>Le bus \u00e9lectrique eCitaro de Mercedes convainc toujours un peu plus de villes et op\u00e9rateurs de transport en commun. Si les exemplaires mis en service ne parcourent pour la plupart que 150 \u00e0 200 km \u00e0 la journ\u00e9e, l\u2019engin sait aussi r\u00e9pondre \u00e0 des demandes bien sup\u00e9rieures pour les tourn\u00e9es [\u2026] <a href=\"https:\/\/www.avem.fr\/2022\/11\/04\/jusqua-500-km-par-jour-pour-les-bus-electriques-mercedes-ecitaro\/\" target=\"blank\" rel=\"noopener\">Lire la suite&#8230;<\/a><\/p>\n","protected":false},"excerpt":{"rendered":"<p><img decoding=\"async\" width=\"1000\" height=\"563\" src=\"https:\/\/news.evearly.com\/wp-content\/uploads\/2022\/11\/jusqua-500-km-par-jour-pour-les-bus-electriques-mercedes-ecitaro.jpg\" class=\"attachment-post-thumbnail size-post-thumbnail wp-post-image\" alt=\"Autobus \u00e9lectrique Mercedes eCitaro\" loading=\"lazy\" \/>Le bus \u00e9lectrique eCitaro de Mercedes convainc toujours un peu plus de villes et op\u00e9rateurs de transport en commun. Si les exemplaires mis en service ne parcourent pour la plupart que 150 \u00e0 200 km \u00e0 la journ\u00e9e, l\u2019engin sait aussi r\u00e9pondre \u00e0 des demandes bien sup\u00e9rieures pour les tourn\u00e9es [\u2026] <a class=\"continue-reading-link\" href=\"https:\/\/www.evearly.news\/fr\/jusqua-500-km-par-jour-pour-les-bus-electriques-mercedes-ecitaro\/\"><\/a><\/p>\n","protected":false},"author":3,"featured_media":0,"comment_status":"closed","ping_status":"closed","sticky":false,"template":"","format":"standard","meta":{"footnotes":""},"categories":[3],"tags":[],"class_list":["post-206874","post","type-post","status-publish","format-standard","hentry","category-avem"],"_links":{"self":[{"href":"https:\/\/www.evearly.news\/fr\/wp-json\/wp\/v2\/posts\/206874","targetHints":{"allow":["GET"]}}],"collection":[{"href":"https:\/\/www.evearly.news\/fr\/wp-json\/wp\/v2\/posts"}],"about":[{"href":"https:\/\/www.evearly.news\/fr\/wp-json\/wp\/v2\/types\/post"}],"author":[{"embeddable":true,"href":"https:\/\/www.evearly.news\/fr\/wp-json\/wp\/v2\/users\/3"}],"replies":[{"embeddable":true,"href":"https:\/\/www.evearly.news\/fr\/wp-json\/wp\/v2\/comments?post=206874"}],"version-history":[{"count":1,"href":"https:\/\/www.evearly.news\/fr\/wp-json\/wp\/v2\/posts\/206874\/revisions"}],"predecessor-version":[{"id":256549,"href":"https:\/\/www.evearly.news\/fr\/wp-json\/wp\/v2\/posts\/206874\/revisions\/256549"}],"wp:attachment":[{"href":"https:\/\/www.evearly.news\/fr\/wp-json\/wp\/v2\/media?parent=206874"}],"wp:term":[{"taxonomy":"category","embeddable":true,"href":"https:\/\/www.evearly.news\/fr\/wp-json\/wp\/v2\/categories?post=206874"},{"taxonomy":"post_tag","embeddable":true,"href":"https:\/\/www.evearly.news\/fr\/wp-json\/wp\/v2\/tags?post=206874"}],"curies":[{"name":"wp","href":"https:\/\/api.w.org\/{rel}","templated":true}]}}