{"id":207126,"date":"2022-11-06T11:13:47","date_gmt":"2022-11-06T10:13:47","guid":{"rendered":"https:\/\/www.automobile-propre.com\/?post_type=breves&amp;p=162092"},"modified":"2022-11-06T11:13:47","modified_gmt":"2022-11-06T10:13:47","slug":"recharge-de-voiture-electrique-rheinmetall-imagine-des-bornes-publiques-integrees-aux-trottoirs","status":"publish","type":"post","link":"https:\/\/www.evearly.news\/fr\/recharge-de-voiture-electrique-rheinmetall-imagine-des-bornes-publiques-integrees-aux-trottoirs\/","title":{"rendered":"Recharge de voiture \u00e9lectrique : Rheinmetall imagine des bornes publiques int\u00e9gr\u00e9es aux trottoirs"},"content":{"rendered":"<p><img loading=\"lazy\" decoding=\"async\" width=\"500\" height=\"333\" src=\"https:\/\/news.evearly.com\/wp-content\/uploads\/2022\/11\/recharge-de-voiture-electrique-rheinmetall-imagine-des-bornes-publiques-integrees-aux-trottoirs.jpg\" class=\"attachment-186x124 size-186x124 wp-post-image\" alt=\"\" \/><br \/>\nApr\u00e8s les bornes de recharge int\u00e9gr\u00e9es aux lampadaires, Rheinmetall pr\u00e9sente un concept de borne int\u00e9gr\u00e9e aux trottoirs. <a href=\"https:\/\/www.automobile-propre.com\/breves\/recharge-de-voiture-electrique-rheinmetall-imagine-des-bornes-publiques-integrees-aux-trottoirs\/\" target='bwindow' rel=\"noopener\">Lire la suite&#8230;<\/a><\/p>\n","protected":false},"excerpt":{"rendered":"<p>Apr\u00e8s les bornes de recharge int\u00e9gr\u00e9es aux lampadaires, Rheinmetall pr\u00e9sente un concept de borne int\u00e9gr\u00e9e aux trottoirs&#8230;. <a class=\"continue-reading-link\" href=\"https:\/\/www.evearly.news\/fr\/recharge-de-voiture-electrique-rheinmetall-imagine-des-bornes-publiques-integrees-aux-trottoirs\/\"><\/a><\/p>\n","protected":false},"author":8,"featured_media":0,"comment_status":"closed","ping_status":"closed","sticky":false,"template":"","format":"standard","meta":{"footnotes":""},"categories":[8],"tags":[],"class_list":["post-207126","post","type-post","status-publish","format-standard","hentry","category-automobile-propre"],"_links":{"self":[{"href":"https:\/\/www.evearly.news\/fr\/wp-json\/wp\/v2\/posts\/207126","targetHints":{"allow":["GET"]}}],"collection":[{"href":"https:\/\/www.evearly.news\/fr\/wp-json\/wp\/v2\/posts"}],"about":[{"href":"https:\/\/www.evearly.news\/fr\/wp-json\/wp\/v2\/types\/post"}],"author":[{"embeddable":true,"href":"https:\/\/www.evearly.news\/fr\/wp-json\/wp\/v2\/users\/8"}],"replies":[{"embeddable":true,"href":"https:\/\/www.evearly.news\/fr\/wp-json\/wp\/v2\/comments?post=207126"}],"version-history":[{"count":0,"href":"https:\/\/www.evearly.news\/fr\/wp-json\/wp\/v2\/posts\/207126\/revisions"}],"wp:attachment":[{"href":"https:\/\/www.evearly.news\/fr\/wp-json\/wp\/v2\/media?parent=207126"}],"wp:term":[{"taxonomy":"category","embeddable":true,"href":"https:\/\/www.evearly.news\/fr\/wp-json\/wp\/v2\/categories?post=207126"},{"taxonomy":"post_tag","embeddable":true,"href":"https:\/\/www.evearly.news\/fr\/wp-json\/wp\/v2\/tags?post=207126"}],"curies":[{"name":"wp","href":"https:\/\/api.w.org\/{rel}","templated":true}]}}