{"id":207129,"date":"2022-11-06T11:01:49","date_gmt":"2022-11-06T10:01:49","guid":{"rendered":"https:\/\/www.automobile-propre.com\/?post_type=breves&amp;p=161865"},"modified":"2022-11-06T11:01:49","modified_gmt":"2022-11-06T10:01:49","slug":"togg-debute-la-production-de-son-suv-electrique","status":"publish","type":"post","link":"https:\/\/www.evearly.news\/fr\/togg-debute-la-production-de-son-suv-electrique\/","title":{"rendered":"TOGG d\u00e9bute la production de son SUV \u00e9lectrique"},"content":{"rendered":"<p><img decoding=\"async\" width=\"500\" height=\"333\" src=\"https:\/\/news.evearly.com\/wp-content\/uploads\/2022\/11\/togg-debute-la-production-de-son-suv-electrique.jpg\" class=\"attachment-186x124 size-186x124 wp-post-image\" alt=\"D\u00e9but de production Togg\" loading=\"lazy\" \/><br \/>\nTrois ans apr\u00e8s sa pr\u00e9sentation, le SUV \u00e9lectrique de la nouvelle marque nationale turque devient un objet tr\u00e8s concret avec la production des premiers exemplaires dans l&rsquo;usine de Gemlik. <a href=\"https:\/\/www.automobile-propre.com\/breves\/togg-debute-la-production-de-son-suv-electrique\/\" target='bwindow' rel=\"noopener\">Lire la suite&#8230;<\/a><\/p>\n","protected":false},"excerpt":{"rendered":"<p>Trois ans apr\u00e8s sa pr\u00e9sentation, le SUV \u00e9lectrique de la nouvelle marque nationale turque devient un objet tr\u00e8s concret avec la production des premiers exemplaires dans l&rsquo;usine de Gemlik&#8230;. <a class=\"continue-reading-link\" href=\"https:\/\/www.evearly.news\/fr\/togg-debute-la-production-de-son-suv-electrique\/\"><\/a><\/p>\n","protected":false},"author":8,"featured_media":0,"comment_status":"closed","ping_status":"closed","sticky":false,"template":"","format":"standard","meta":{"footnotes":""},"categories":[8],"tags":[],"class_list":["post-207129","post","type-post","status-publish","format-standard","hentry","category-automobile-propre"],"_links":{"self":[{"href":"https:\/\/www.evearly.news\/fr\/wp-json\/wp\/v2\/posts\/207129","targetHints":{"allow":["GET"]}}],"collection":[{"href":"https:\/\/www.evearly.news\/fr\/wp-json\/wp\/v2\/posts"}],"about":[{"href":"https:\/\/www.evearly.news\/fr\/wp-json\/wp\/v2\/types\/post"}],"author":[{"embeddable":true,"href":"https:\/\/www.evearly.news\/fr\/wp-json\/wp\/v2\/users\/8"}],"replies":[{"embeddable":true,"href":"https:\/\/www.evearly.news\/fr\/wp-json\/wp\/v2\/comments?post=207129"}],"version-history":[{"count":0,"href":"https:\/\/www.evearly.news\/fr\/wp-json\/wp\/v2\/posts\/207129\/revisions"}],"wp:attachment":[{"href":"https:\/\/www.evearly.news\/fr\/wp-json\/wp\/v2\/media?parent=207129"}],"wp:term":[{"taxonomy":"category","embeddable":true,"href":"https:\/\/www.evearly.news\/fr\/wp-json\/wp\/v2\/categories?post=207129"},{"taxonomy":"post_tag","embeddable":true,"href":"https:\/\/www.evearly.news\/fr\/wp-json\/wp\/v2\/tags?post=207129"}],"curies":[{"name":"wp","href":"https:\/\/api.w.org\/{rel}","templated":true}]}}