{"id":207135,"date":"2022-11-06T12:00:00","date_gmt":"2022-11-06T11:00:00","guid":{"rendered":"https:\/\/www.automobile-magazine.fr\/scoops\/article\/36488-peugeot-inception-2022-que-faut-il-attendre-du-concept-car-succedant-a-le-legend"},"modified":"2023-08-17T04:48:09","modified_gmt":"2023-08-17T04:48:09","slug":"peugeot-inception-2022-que-faut-il-attendre-du-concept-car-succedant-a-le-legend","status":"publish","type":"post","link":"https:\/\/www.evearly.news\/fr\/peugeot-inception-2022-que-faut-il-attendre-du-concept-car-succedant-a-le-legend\/","title":{"rendered":"Peugeot Inception (2022), que faut-il attendre du concept car succ\u00e9dant \u00e0 l&rsquo;e-Legend ?"},"content":{"rendered":"<div class=\"media_block\"><img decoding=\"async\" src=\"https:\/\/news.evearly.com\/wp-content\/uploads\/2022\/11\/peugeot-inception-2022-que-faut-il-attendre-du-concept-car-succedant-a-le-legend.jpg\"><\/div>\n<p>Au Mondial de l\u2019Auto 2022 \u00e0 Paris, \u00e0 d\u00e9faut de le d\u00e9voiler, Linda Jackson, la P-DG de Peugeot a officialis\u00e9 l\u2019existence du concept car Inception. Ce dernier sera pr\u00e9sent\u00e9 fin novembre et inaugurera une nouvelle \u00e8re pour la marque au Lion. N\u2019attendez pas plus longtemps, on vous dit tout d\u00e8s maintenant. <a href=\"https:\/\/www.automobile-magazine.fr\/scoops\/article\/36488-peugeot-inception-2022-que-faut-il-attendre-du-concept-car-succedant-a-le-legend\" target='bwindow' rel=\"noopener\">Lire la suite&#8230;<\/a><\/p>\n","protected":false},"excerpt":{"rendered":"<p>&#8230; <a class=\"continue-reading-link\" href=\"https:\/\/www.evearly.news\/fr\/peugeot-inception-2022-que-faut-il-attendre-du-concept-car-succedant-a-le-legend\/\"><\/a><\/p>\n","protected":false},"author":7,"featured_media":0,"comment_status":"closed","ping_status":"closed","sticky":false,"template":"","format":"standard","meta":{"footnotes":""},"categories":[7],"tags":[],"class_list":["post-207135","post","type-post","status-publish","format-standard","hentry","category-automobile-magazine"],"_links":{"self":[{"href":"https:\/\/www.evearly.news\/fr\/wp-json\/wp\/v2\/posts\/207135","targetHints":{"allow":["GET"]}}],"collection":[{"href":"https:\/\/www.evearly.news\/fr\/wp-json\/wp\/v2\/posts"}],"about":[{"href":"https:\/\/www.evearly.news\/fr\/wp-json\/wp\/v2\/types\/post"}],"author":[{"embeddable":true,"href":"https:\/\/www.evearly.news\/fr\/wp-json\/wp\/v2\/users\/7"}],"replies":[{"embeddable":true,"href":"https:\/\/www.evearly.news\/fr\/wp-json\/wp\/v2\/comments?post=207135"}],"version-history":[{"count":1,"href":"https:\/\/www.evearly.news\/fr\/wp-json\/wp\/v2\/posts\/207135\/revisions"}],"predecessor-version":[{"id":253358,"href":"https:\/\/www.evearly.news\/fr\/wp-json\/wp\/v2\/posts\/207135\/revisions\/253358"}],"wp:attachment":[{"href":"https:\/\/www.evearly.news\/fr\/wp-json\/wp\/v2\/media?parent=207135"}],"wp:term":[{"taxonomy":"category","embeddable":true,"href":"https:\/\/www.evearly.news\/fr\/wp-json\/wp\/v2\/categories?post=207135"},{"taxonomy":"post_tag","embeddable":true,"href":"https:\/\/www.evearly.news\/fr\/wp-json\/wp\/v2\/tags?post=207135"}],"curies":[{"name":"wp","href":"https:\/\/api.w.org\/{rel}","templated":true}]}}