{"id":207148,"date":"2022-11-06T14:42:55","date_gmt":"2022-11-06T13:42:55","guid":{"rendered":"https:\/\/www.automobile-propre.com\/?post_type=breves&amp;p=162068"},"modified":"2022-11-06T14:42:55","modified_gmt":"2022-11-06T13:42:55","slug":"les-lucid-air-touring-et-pure-verront-le-jour-le-15-novembre-prochain","status":"publish","type":"post","link":"https:\/\/www.evearly.news\/fr\/les-lucid-air-touring-et-pure-verront-le-jour-le-15-novembre-prochain\/","title":{"rendered":"Les Lucid Air Touring et Pure verront le jour le 15 novembre prochain"},"content":{"rendered":"<p><img loading=\"lazy\" decoding=\"async\" width=\"500\" height=\"333\" src=\"https:\/\/news.evearly.com\/wp-content\/uploads\/2022\/11\/les-lucid-air-touring-et-pure-verront-le-jour-le-15-novembre-prochain.jpg\" class=\"attachment-186x124 size-186x124 wp-post-image\" alt=\"Lucid Air\" \/><br \/>\nApr\u00e8s un long temps de chauffe, Lucid Motors va d\u00e9voiler tout sa gamme lors de son \u00e9v\u00e8nement \u00ab\u00a0In the Air and Beyond\u00a0\u00bb. <a href=\"https:\/\/www.automobile-propre.com\/breves\/les-lucid-air-touring-et-pure-verront-le-jour-le-15-novembre-prochain\/\" target='bwindow' rel=\"noopener\">Lire la suite&#8230;<\/a><\/p>\n","protected":false},"excerpt":{"rendered":"<p>Apr\u00e8s un long temps de chauffe, Lucid Motors va d\u00e9voiler tout sa gamme lors de son \u00e9v\u00e8nement \u00ab\u00a0In the Air and Beyond\u00a0\u00bb&#8230;. <a class=\"continue-reading-link\" href=\"https:\/\/www.evearly.news\/fr\/les-lucid-air-touring-et-pure-verront-le-jour-le-15-novembre-prochain\/\"><\/a><\/p>\n","protected":false},"author":8,"featured_media":0,"comment_status":"closed","ping_status":"closed","sticky":false,"template":"","format":"standard","meta":{"footnotes":""},"categories":[8],"tags":[],"class_list":["post-207148","post","type-post","status-publish","format-standard","hentry","category-automobile-propre"],"_links":{"self":[{"href":"https:\/\/www.evearly.news\/fr\/wp-json\/wp\/v2\/posts\/207148","targetHints":{"allow":["GET"]}}],"collection":[{"href":"https:\/\/www.evearly.news\/fr\/wp-json\/wp\/v2\/posts"}],"about":[{"href":"https:\/\/www.evearly.news\/fr\/wp-json\/wp\/v2\/types\/post"}],"author":[{"embeddable":true,"href":"https:\/\/www.evearly.news\/fr\/wp-json\/wp\/v2\/users\/8"}],"replies":[{"embeddable":true,"href":"https:\/\/www.evearly.news\/fr\/wp-json\/wp\/v2\/comments?post=207148"}],"version-history":[{"count":0,"href":"https:\/\/www.evearly.news\/fr\/wp-json\/wp\/v2\/posts\/207148\/revisions"}],"wp:attachment":[{"href":"https:\/\/www.evearly.news\/fr\/wp-json\/wp\/v2\/media?parent=207148"}],"wp:term":[{"taxonomy":"category","embeddable":true,"href":"https:\/\/www.evearly.news\/fr\/wp-json\/wp\/v2\/categories?post=207148"},{"taxonomy":"post_tag","embeddable":true,"href":"https:\/\/www.evearly.news\/fr\/wp-json\/wp\/v2\/tags?post=207148"}],"curies":[{"name":"wp","href":"https:\/\/api.w.org\/{rel}","templated":true}]}}