{"id":207463,"date":"2022-11-07T06:00:50","date_gmt":"2022-11-07T05:00:50","guid":{"rendered":"https:\/\/www.avem.fr\/?p=50721"},"modified":"2023-08-17T18:43:35","modified_gmt":"2023-08-17T18:43:35","slug":"nissan-presente-deux-concept-cars-inspires-de-ses-modeles-electriques","status":"publish","type":"post","link":"https:\/\/www.evearly.news\/fr\/nissan-presente-deux-concept-cars-inspires-de-ses-modeles-electriques\/","title":{"rendered":"Nissan pr\u00e9sente deux concept cars inspir\u00e9s de ses mod\u00e8les \u00e9lectriques"},"content":{"rendered":"<p><img decoding=\"async\" width=\"1000\" height=\"563\" src=\"https:\/\/news.evearly.com\/wp-content\/uploads\/2022\/11\/nissan-presente-deux-concept-cars-inspires-de-ses-modeles-electriques.jpg\" class=\"attachment-post-thumbnail size-post-thumbnail wp-post-image\" alt=\"Nissan Concept cars \u00e9lectriques\" loading=\"lazy\" \/>Rendez-vous annuel des exposants du monde du tuning, le SEMA Show vient de se d\u00e9rouler \u00e0 Las Vegas. Nissan a profit\u00e9 de cet \u00e9v\u00e9nement haut en couleur, qui voit passer des m\u00e9caniques pouss\u00e9es \u00e0 l\u2019extr\u00eame, pour pr\u00e9senter 6 concept cars spectaculaires d\u00e9riv\u00e9s de ses mod\u00e8les \u00e9lectriques, sportifs et tout-terrains. Avec [\u2026] <a href=\"https:\/\/www.avem.fr\/2022\/11\/07\/nissan-presente-deux-concept-cars-inspires-de-ses-modeles-electriques\/\" target=\"blank\" rel=\"noopener\">Lire la suite&#8230;<\/a><\/p>\n","protected":false},"excerpt":{"rendered":"<p><img decoding=\"async\" width=\"1000\" height=\"563\" src=\"https:\/\/news.evearly.com\/wp-content\/uploads\/2022\/11\/nissan-presente-deux-concept-cars-inspires-de-ses-modeles-electriques.jpg\" class=\"attachment-post-thumbnail size-post-thumbnail wp-post-image\" alt=\"Nissan Concept cars \u00e9lectriques\" loading=\"lazy\" \/>Rendez-vous annuel des exposants du monde du tuning, le SEMA Show vient de se d\u00e9rouler \u00e0 Las Vegas. Nissan a profit\u00e9 de cet \u00e9v\u00e9nement haut en couleur, qui voit passer des m\u00e9caniques pouss\u00e9es \u00e0 l\u2019extr\u00eame, pour pr\u00e9senter 6 concept cars spectaculaires d\u00e9riv\u00e9s de ses mod\u00e8les \u00e9lectriques, sportifs et tout-terrains. Avec [\u2026] <a class=\"continue-reading-link\" href=\"https:\/\/www.evearly.news\/fr\/nissan-presente-deux-concept-cars-inspires-de-ses-modeles-electriques\/\"><\/a><\/p>\n","protected":false},"author":3,"featured_media":0,"comment_status":"closed","ping_status":"closed","sticky":false,"template":"","format":"standard","meta":{"footnotes":""},"categories":[3],"tags":[],"class_list":["post-207463","post","type-post","status-publish","format-standard","hentry","category-avem"],"_links":{"self":[{"href":"https:\/\/www.evearly.news\/fr\/wp-json\/wp\/v2\/posts\/207463","targetHints":{"allow":["GET"]}}],"collection":[{"href":"https:\/\/www.evearly.news\/fr\/wp-json\/wp\/v2\/posts"}],"about":[{"href":"https:\/\/www.evearly.news\/fr\/wp-json\/wp\/v2\/types\/post"}],"author":[{"embeddable":true,"href":"https:\/\/www.evearly.news\/fr\/wp-json\/wp\/v2\/users\/3"}],"replies":[{"embeddable":true,"href":"https:\/\/www.evearly.news\/fr\/wp-json\/wp\/v2\/comments?post=207463"}],"version-history":[{"count":1,"href":"https:\/\/www.evearly.news\/fr\/wp-json\/wp\/v2\/posts\/207463\/revisions"}],"predecessor-version":[{"id":256547,"href":"https:\/\/www.evearly.news\/fr\/wp-json\/wp\/v2\/posts\/207463\/revisions\/256547"}],"wp:attachment":[{"href":"https:\/\/www.evearly.news\/fr\/wp-json\/wp\/v2\/media?parent=207463"}],"wp:term":[{"taxonomy":"category","embeddable":true,"href":"https:\/\/www.evearly.news\/fr\/wp-json\/wp\/v2\/categories?post=207463"},{"taxonomy":"post_tag","embeddable":true,"href":"https:\/\/www.evearly.news\/fr\/wp-json\/wp\/v2\/tags?post=207463"}],"curies":[{"name":"wp","href":"https:\/\/api.w.org\/{rel}","templated":true}]}}