{"id":2086,"date":"2019-08-20T12:12:59","date_gmt":"2019-08-20T10:12:59","guid":{"rendered":"https:\/\/www.automobile-propre.com\/?post_type=breves&amp;p=77975"},"modified":"2019-08-20T12:12:59","modified_gmt":"2019-08-20T10:12:59","slug":"la-fiat-panda-electrique-confirmee-pour-2023","status":"publish","type":"post","link":"https:\/\/www.evearly.news\/fr\/la-fiat-panda-electrique-confirmee-pour-2023\/","title":{"rendered":"La Fiat Panda \u00e9lectrique confirm\u00e9e pour 2023"},"content":{"rendered":"<p><img loading=\"lazy\" decoding=\"async\" class=\"attachment-186x124  wp-post-image aligncenter\" src=\"https:\/\/news.evearly.com\/wp-content\/uploads\/2019\/09\/la-fiat-panda-electrique-confirmee-pour-2023.jpg\" alt=\"\" width=\"401\" height=\"267\"><\/p>\n<p>S&rsquo;inspirant du concept Centoventi pr\u00e9sent\u00e9 lors du dernier salon de Gen\u00e8ve, cette Fiat Panda \u00e9lectrique reposera sur un syst\u00e8me batteries modulaire.&nbsp;<a href=\"https:\/\/www.automobile-propre.com\/breves\/la-fiat-panda-electrique-confirmee-pour-2023\/\" target=\"_blank\" rel=\"noopener noreferrer\">Lire la suite&#8230;<\/a><\/p>\n","protected":false},"excerpt":{"rendered":"<br \/>\n<table>\n<tr>\n<td style=\"width:210px\"><a href=\"https:\/\/www.automobile-propre.com\/breves\/la-fiat-panda-electrique-confirmee-pour-2023\/\"><img loading=\"lazy\" decoding=\"async\" width=\"186\" height=\"124\" src=\"https:\/\/news.evearly.com\/wp-content\/uploads\/2019\/09\/la-fiat-panda-electrique-confirmee-pour-2023.jpg\" class=\"attachment-186x124 size-186x124 wp-post-image\" alt=\"\" \/><\/td>\n<td style=\"vertical-align:top\">S&rsquo;inspirant du concept Centoventi pr\u00e9sent\u00e9 lors du dernier salon de Gen\u00e8ve, cette Fiat Panda \u00e9lectrique reposera sur un syst\u00e8me batteries modulaire.<\/td>\n<\/tr>\n<\/table>\n<p>L\u2019article <a rel=\"nofollow\" href=\"https:\/\/www.automobile-propre.com\/breves\/la-fiat-panda-electrique-confirmee-pour-2023\/\">La Fiat Panda \u00e9lectrique confirm\u00e9e pour 2023<\/a> est apparu en premier sur <a rel=\"nofollow\" href=\"https:\/\/www.automobile-propre.com\">Automobile Propre<\/a>.<\/p>\n<p>  <a class=\"continue-reading-link\" href=\"https:\/\/www.evearly.news\/fr\/la-fiat-panda-electrique-confirmee-pour-2023\/\"><\/a><\/p>\n","protected":false},"author":8,"featured_media":0,"comment_status":"closed","ping_status":"closed","sticky":false,"template":"","format":"standard","meta":{"footnotes":""},"categories":[8],"tags":[],"class_list":["post-2086","post","type-post","status-publish","format-standard","hentry","category-automobile-propre"],"_links":{"self":[{"href":"https:\/\/www.evearly.news\/fr\/wp-json\/wp\/v2\/posts\/2086","targetHints":{"allow":["GET"]}}],"collection":[{"href":"https:\/\/www.evearly.news\/fr\/wp-json\/wp\/v2\/posts"}],"about":[{"href":"https:\/\/www.evearly.news\/fr\/wp-json\/wp\/v2\/types\/post"}],"author":[{"embeddable":true,"href":"https:\/\/www.evearly.news\/fr\/wp-json\/wp\/v2\/users\/8"}],"replies":[{"embeddable":true,"href":"https:\/\/www.evearly.news\/fr\/wp-json\/wp\/v2\/comments?post=2086"}],"version-history":[{"count":0,"href":"https:\/\/www.evearly.news\/fr\/wp-json\/wp\/v2\/posts\/2086\/revisions"}],"wp:attachment":[{"href":"https:\/\/www.evearly.news\/fr\/wp-json\/wp\/v2\/media?parent=2086"}],"wp:term":[{"taxonomy":"category","embeddable":true,"href":"https:\/\/www.evearly.news\/fr\/wp-json\/wp\/v2\/categories?post=2086"},{"taxonomy":"post_tag","embeddable":true,"href":"https:\/\/www.evearly.news\/fr\/wp-json\/wp\/v2\/tags?post=2086"}],"curies":[{"name":"wp","href":"https:\/\/api.w.org\/{rel}","templated":true}]}}