{"id":208761,"date":"2022-11-16T06:00:04","date_gmt":"2022-11-16T05:00:04","guid":{"rendered":"https:\/\/www.avem.fr\/?p=50815"},"modified":"2023-08-17T18:43:27","modified_gmt":"2023-08-17T18:43:27","slug":"nouvelle-generation-de-porsche-99x-electrique-pour-la-formule-e","status":"publish","type":"post","link":"https:\/\/www.evearly.news\/fr\/nouvelle-generation-de-porsche-99x-electrique-pour-la-formule-e\/","title":{"rendered":"Nouvelle g\u00e9n\u00e9ration de Porsche 99X \u00e9lectrique pour la Formule E"},"content":{"rendered":"<p><img decoding=\"async\" width=\"1000\" height=\"563\" src=\"https:\/\/news.evearly.com\/wp-content\/uploads\/2022\/11\/nouvelle-generation-de-porsche-99x-electrique-pour-la-formule-e.jpg\" class=\"attachment-post-thumbnail size-post-thumbnail wp-post-image\" alt=\"Porsche 99X \u00e9lectrique voiture course FE Formule E\" loading=\"lazy\" \/>C\u2019est \u00e0 l\u2019E-Prix de Mexico programm\u00e9 le 14 janvier 2023 que la Porsche 99X de troisi\u00e8me g\u00e9n\u00e9ration sera officiellement exploit\u00e9e pour la premi\u00e8re fois. La nouvelle \u00e9volution promet des gains importants sur la puissance, l\u2019efficience et le spectacle. \u00a0 100 kW de mieux Avec cette troisi\u00e8me g\u00e9n\u00e9ration, la monoplace \u00e9lectrique [\u2026] <a href=\"https:\/\/www.avem.fr\/2022\/11\/16\/nouvelle-generation-de-porsche-99x-electrique-pour-la-formule-e\/\" target=\"blank\" rel=\"noopener\">Lire la suite&#8230;<\/a><\/p>\n","protected":false},"excerpt":{"rendered":"<p><img decoding=\"async\" width=\"1000\" height=\"563\" src=\"https:\/\/news.evearly.com\/wp-content\/uploads\/2022\/11\/nouvelle-generation-de-porsche-99x-electrique-pour-la-formule-e.jpg\" class=\"attachment-post-thumbnail size-post-thumbnail wp-post-image\" alt=\"Porsche 99X \u00e9lectrique voiture course FE Formule E\" loading=\"lazy\" \/>C\u2019est \u00e0 l\u2019E-Prix de Mexico programm\u00e9 le 14 janvier 2023 que la Porsche 99X de troisi\u00e8me g\u00e9n\u00e9ration sera officiellement exploit\u00e9e pour la premi\u00e8re fois. La nouvelle \u00e9volution promet des gains importants sur la puissance, l\u2019efficience et le spectacle. \u00a0 100 kW de mieux Avec cette troisi\u00e8me g\u00e9n\u00e9ration, la monoplace \u00e9lectrique [\u2026] <a class=\"continue-reading-link\" href=\"https:\/\/www.evearly.news\/fr\/nouvelle-generation-de-porsche-99x-electrique-pour-la-formule-e\/\"><\/a><\/p>\n","protected":false},"author":3,"featured_media":0,"comment_status":"closed","ping_status":"closed","sticky":false,"template":"","format":"standard","meta":{"footnotes":""},"categories":[3],"tags":[],"class_list":["post-208761","post","type-post","status-publish","format-standard","hentry","category-avem"],"_links":{"self":[{"href":"https:\/\/www.evearly.news\/fr\/wp-json\/wp\/v2\/posts\/208761","targetHints":{"allow":["GET"]}}],"collection":[{"href":"https:\/\/www.evearly.news\/fr\/wp-json\/wp\/v2\/posts"}],"about":[{"href":"https:\/\/www.evearly.news\/fr\/wp-json\/wp\/v2\/types\/post"}],"author":[{"embeddable":true,"href":"https:\/\/www.evearly.news\/fr\/wp-json\/wp\/v2\/users\/3"}],"replies":[{"embeddable":true,"href":"https:\/\/www.evearly.news\/fr\/wp-json\/wp\/v2\/comments?post=208761"}],"version-history":[{"count":1,"href":"https:\/\/www.evearly.news\/fr\/wp-json\/wp\/v2\/posts\/208761\/revisions"}],"predecessor-version":[{"id":256536,"href":"https:\/\/www.evearly.news\/fr\/wp-json\/wp\/v2\/posts\/208761\/revisions\/256536"}],"wp:attachment":[{"href":"https:\/\/www.evearly.news\/fr\/wp-json\/wp\/v2\/media?parent=208761"}],"wp:term":[{"taxonomy":"category","embeddable":true,"href":"https:\/\/www.evearly.news\/fr\/wp-json\/wp\/v2\/categories?post=208761"},{"taxonomy":"post_tag","embeddable":true,"href":"https:\/\/www.evearly.news\/fr\/wp-json\/wp\/v2\/tags?post=208761"}],"curies":[{"name":"wp","href":"https:\/\/api.w.org\/{rel}","templated":true}]}}