{"id":209709,"date":"2022-11-21T12:00:00","date_gmt":"2022-11-21T11:00:00","guid":{"rendered":"https:\/\/www.caradisiac.com\/le-reseau-public-aura-besoin-de-votre-voiture-electrique-pour-eviter-les-pannes-199286.htm#xtor=RSS-40"},"modified":"2022-11-21T12:00:00","modified_gmt":"2022-11-21T11:00:00","slug":"le-reseau-public-aura-besoin-de-votre-voiture-electrique-pour-eviter-les-pannes","status":"publish","type":"post","link":"https:\/\/www.evearly.news\/fr\/le-reseau-public-aura-besoin-de-votre-voiture-electrique-pour-eviter-les-pannes\/","title":{"rendered":"Le r\u00e9seau public aura besoin de votre voiture \u00e9lectrique pour \u00e9viter les pannes"},"content":{"rendered":"<p><img decoding=\"async\" src=\"https:\/\/news.evearly.com\/wp-content\/uploads\/2022\/11\/le-reseau-public-aura-besoin-de-votre-voiture-electrique-pour-eviter-les-pannes.jpg\" \/> Alors que la part de voitures \u00e9lectriques et le nombre de bornes vont continuer \u00e0 augmenter dans de grosses proportions dans les ann\u00e9es \u00e0 venir, la fameuse technologie de charge bidirectionnelle devrait vite devenir obligatoire pour \u00e9viter les pannes et limiter la hausse du prix des \u00e9nergies. <a href=\"https:\/\/www.caradisiac.com\/le-reseau-public-aura-besoin-de-votre-voiture-electrique-pour-eviter-les-pannes-199286.htm#xtor=RSS-40\" target=\"blank\" rel=\"noopener\">Lire la suite&#8230;<\/a><\/p>\n","protected":false},"excerpt":{"rendered":"<p><img decoding=\"async\" src=\"https:\/\/news.evearly.com\/wp-content\/uploads\/2022\/11\/le-reseau-public-aura-besoin-de-votre-voiture-electrique-pour-eviter-les-pannes.jpg\" \/> Alors que la part de voitures \u00e9lectriques et le nombre de bornes vont continuer \u00e0 augmenter dans de grosses proportions dans les ann\u00e9es \u00e0 venir, la fameuse technologie de charge bidirectionnelle devrait vite devenir obligatoire pour \u00e9viter les pannes et limiter la hausse du prix des \u00e9nergies.<\/p>\n<p> <a class=\"continue-reading-link\" href=\"https:\/\/www.evearly.news\/fr\/le-reseau-public-aura-besoin-de-votre-voiture-electrique-pour-eviter-les-pannes\/\"><\/a><\/p>\n","protected":false},"author":11,"featured_media":0,"comment_status":"closed","ping_status":"closed","sticky":false,"template":"","format":"standard","meta":{"footnotes":""},"categories":[11],"tags":[],"class_list":["post-209709","post","type-post","status-publish","format-standard","hentry","category-caradisiac"],"_links":{"self":[{"href":"https:\/\/www.evearly.news\/fr\/wp-json\/wp\/v2\/posts\/209709","targetHints":{"allow":["GET"]}}],"collection":[{"href":"https:\/\/www.evearly.news\/fr\/wp-json\/wp\/v2\/posts"}],"about":[{"href":"https:\/\/www.evearly.news\/fr\/wp-json\/wp\/v2\/types\/post"}],"author":[{"embeddable":true,"href":"https:\/\/www.evearly.news\/fr\/wp-json\/wp\/v2\/users\/11"}],"replies":[{"embeddable":true,"href":"https:\/\/www.evearly.news\/fr\/wp-json\/wp\/v2\/comments?post=209709"}],"version-history":[{"count":0,"href":"https:\/\/www.evearly.news\/fr\/wp-json\/wp\/v2\/posts\/209709\/revisions"}],"wp:attachment":[{"href":"https:\/\/www.evearly.news\/fr\/wp-json\/wp\/v2\/media?parent=209709"}],"wp:term":[{"taxonomy":"category","embeddable":true,"href":"https:\/\/www.evearly.news\/fr\/wp-json\/wp\/v2\/categories?post=209709"},{"taxonomy":"post_tag","embeddable":true,"href":"https:\/\/www.evearly.news\/fr\/wp-json\/wp\/v2\/tags?post=209709"}],"curies":[{"name":"wp","href":"https:\/\/api.w.org\/{rel}","templated":true}]}}