{"id":210088,"date":"2022-11-22T15:16:45","date_gmt":"2022-11-22T14:16:45","guid":{"rendered":"https:\/\/www.automobile-magazine.fr\/voitures-electriques\/article\/36705-le-suv-alpine-plus-lourd-que-deux-a110"},"modified":"2023-08-17T04:47:45","modified_gmt":"2023-08-17T04:47:45","slug":"le-suv-alpine-plus-lourd-que-deux-a110","status":"publish","type":"post","link":"https:\/\/www.evearly.news\/fr\/le-suv-alpine-plus-lourd-que-deux-a110\/","title":{"rendered":"Le SUV Alpine plus lourd que deux A110 ?"},"content":{"rendered":"<div class=\"media_block\"><img decoding=\"async\" src=\"https:\/\/news.evearly.com\/wp-content\/uploads\/2022\/11\/le-suv-alpine-plus-lourd-que-deux-a110.jpg\"><\/div>\n<p>Le SUV Alpine prendrait le nom de GT-X et afficherait des pr\u00e9tentions plut\u00f4t haut de gamme. Probl\u00e8me : son poids ne serait pas franchement en ad\u00e9quation avec l&rsquo;ADN de la marque. <a href=\"https:\/\/www.automobile-magazine.fr\/voitures-electriques\/article\/36705-le-suv-alpine-plus-lourd-que-deux-a110\" target='bwindow' rel=\"noopener\">Lire la suite&#8230;<\/a><\/p>\n","protected":false},"excerpt":{"rendered":"<p>&#8230; <a class=\"continue-reading-link\" href=\"https:\/\/www.evearly.news\/fr\/le-suv-alpine-plus-lourd-que-deux-a110\/\"><\/a><\/p>\n","protected":false},"author":7,"featured_media":0,"comment_status":"closed","ping_status":"closed","sticky":false,"template":"","format":"standard","meta":{"footnotes":""},"categories":[7],"tags":[],"class_list":["post-210088","post","type-post","status-publish","format-standard","hentry","category-automobile-magazine"],"_links":{"self":[{"href":"https:\/\/www.evearly.news\/fr\/wp-json\/wp\/v2\/posts\/210088","targetHints":{"allow":["GET"]}}],"collection":[{"href":"https:\/\/www.evearly.news\/fr\/wp-json\/wp\/v2\/posts"}],"about":[{"href":"https:\/\/www.evearly.news\/fr\/wp-json\/wp\/v2\/types\/post"}],"author":[{"embeddable":true,"href":"https:\/\/www.evearly.news\/fr\/wp-json\/wp\/v2\/users\/7"}],"replies":[{"embeddable":true,"href":"https:\/\/www.evearly.news\/fr\/wp-json\/wp\/v2\/comments?post=210088"}],"version-history":[{"count":1,"href":"https:\/\/www.evearly.news\/fr\/wp-json\/wp\/v2\/posts\/210088\/revisions"}],"predecessor-version":[{"id":253327,"href":"https:\/\/www.evearly.news\/fr\/wp-json\/wp\/v2\/posts\/210088\/revisions\/253327"}],"wp:attachment":[{"href":"https:\/\/www.evearly.news\/fr\/wp-json\/wp\/v2\/media?parent=210088"}],"wp:term":[{"taxonomy":"category","embeddable":true,"href":"https:\/\/www.evearly.news\/fr\/wp-json\/wp\/v2\/categories?post=210088"},{"taxonomy":"post_tag","embeddable":true,"href":"https:\/\/www.evearly.news\/fr\/wp-json\/wp\/v2\/tags?post=210088"}],"curies":[{"name":"wp","href":"https:\/\/api.w.org\/{rel}","templated":true}]}}