{"id":2101,"date":"2019-08-20T10:00:03","date_gmt":"2019-08-20T08:00:03","guid":{"rendered":"https:\/\/www.automobile-propre.com\/?post_type=breves&amp;p=77964"},"modified":"2019-08-20T10:00:03","modified_gmt":"2019-08-20T08:00:03","slug":"e-carver-ce-trois-roues-electrique-carrosse-entamera-ses-livraisons-en-septembre","status":"publish","type":"post","link":"https:\/\/www.evearly.news\/fr\/e-carver-ce-trois-roues-electrique-carrosse-entamera-ses-livraisons-en-septembre\/","title":{"rendered":"e-Carver\u00a0: ce trois-roues \u00e9lectrique carross\u00e9 entamera ses livraisons en septembre"},"content":{"rendered":"<p><img loading=\"lazy\" decoding=\"async\" class=\"attachment-186x124  wp-post-image aligncenter\" src=\"https:\/\/news.evearly.com\/wp-content\/uploads\/2019\/09\/e-carver-ce-trois-roues-electrique-carrosse-entamera-ses-livraisons-en-septembre.jpg\" alt=\"\" width=\"401\" height=\"267\"><\/p>\n<p>Pr\u00e9sent\u00e9 pour la premi\u00e8re fois en 2007 au salon de Francfort, le Carver \u00e9lectrique est sur le point d&rsquo;arriver sur le march\u00e9. D&rsquo;ores et d\u00e9j\u00e0 disponible en pr\u00e9commande, il entamera ses livraisons en septembre.&nbsp;<a href=\"https:\/\/www.automobile-propre.com\/breves\/e-carver-ce-trois-roues-electrique-carrosse-entamera-ses-livraisons-en-septembre\/\" target=\"_blank\" rel=\"noopener noreferrer\">Lire la suite&#8230;<\/a><\/p>\n","protected":false},"excerpt":{"rendered":"<br \/>\n<table>\n<tr>\n<td style=\"width:210px\"><a href=\"https:\/\/www.automobile-propre.com\/breves\/e-carver-ce-trois-roues-electrique-carrosse-entamera-ses-livraisons-en-septembre\/\"><img loading=\"lazy\" decoding=\"async\" width=\"186\" height=\"124\" src=\"https:\/\/news.evearly.com\/wp-content\/uploads\/2019\/09\/e-carver-ce-trois-roues-electrique-carrosse-entamera-ses-livraisons-en-septembre.jpg\" class=\"attachment-186x124 size-186x124 wp-post-image\" alt=\"\" \/><\/td>\n<td style=\"vertical-align:top\">Pr\u00e9sent\u00e9 pour la premi\u00e8re fois en 2007 au salon de Francfort, le Carver \u00e9lectrique est sur le point d&rsquo;arriver sur le march\u00e9. D&rsquo;ores et d\u00e9j\u00e0 disponible en pr\u00e9commande, il entamera ses livraisons en septembre.\u00a0<\/td>\n<\/tr>\n<\/table>\n<p>L\u2019article <a rel=\"nofollow\" href=\"https:\/\/www.automobile-propre.com\/breves\/e-carver-ce-trois-roues-electrique-carrosse-entamera-ses-livraisons-en-septembre\/\">e-Carver\u00a0: ce trois-roues \u00e9lectrique carross\u00e9 entamera ses livraisons en septembre<\/a> est apparu en premier sur <a rel=\"nofollow\" href=\"https:\/\/www.automobile-propre.com\">Automobile Propre<\/a>.<\/p>\n<p>  <a class=\"continue-reading-link\" href=\"https:\/\/www.evearly.news\/fr\/e-carver-ce-trois-roues-electrique-carrosse-entamera-ses-livraisons-en-septembre\/\"><\/a><\/p>\n","protected":false},"author":8,"featured_media":0,"comment_status":"closed","ping_status":"closed","sticky":false,"template":"","format":"standard","meta":{"footnotes":""},"categories":[8],"tags":[],"class_list":["post-2101","post","type-post","status-publish","format-standard","hentry","category-automobile-propre"],"_links":{"self":[{"href":"https:\/\/www.evearly.news\/fr\/wp-json\/wp\/v2\/posts\/2101","targetHints":{"allow":["GET"]}}],"collection":[{"href":"https:\/\/www.evearly.news\/fr\/wp-json\/wp\/v2\/posts"}],"about":[{"href":"https:\/\/www.evearly.news\/fr\/wp-json\/wp\/v2\/types\/post"}],"author":[{"embeddable":true,"href":"https:\/\/www.evearly.news\/fr\/wp-json\/wp\/v2\/users\/8"}],"replies":[{"embeddable":true,"href":"https:\/\/www.evearly.news\/fr\/wp-json\/wp\/v2\/comments?post=2101"}],"version-history":[{"count":0,"href":"https:\/\/www.evearly.news\/fr\/wp-json\/wp\/v2\/posts\/2101\/revisions"}],"wp:attachment":[{"href":"https:\/\/www.evearly.news\/fr\/wp-json\/wp\/v2\/media?parent=2101"}],"wp:term":[{"taxonomy":"category","embeddable":true,"href":"https:\/\/www.evearly.news\/fr\/wp-json\/wp\/v2\/categories?post=2101"},{"taxonomy":"post_tag","embeddable":true,"href":"https:\/\/www.evearly.news\/fr\/wp-json\/wp\/v2\/tags?post=2101"}],"curies":[{"name":"wp","href":"https:\/\/api.w.org\/{rel}","templated":true}]}}