{"id":21103,"date":"2020-01-28T20:07:06","date_gmt":"2020-01-28T19:07:06","guid":{"rendered":"https:\/\/www.automobile-propre.com\/?p=86189"},"modified":"2020-01-28T20:07:06","modified_gmt":"2020-01-28T19:07:06","slug":"la-nouvelle-seat-leon-hybride-rechargeable-se-revele","status":"publish","type":"post","link":"https:\/\/www.evearly.news\/fr\/la-nouvelle-seat-leon-hybride-rechargeable-se-revele\/","title":{"rendered":"La nouvelle Seat Leon hybride rechargeable se r\u00e9v\u00e8le"},"content":{"rendered":"<p><img loading=\"lazy\" decoding=\"async\" class=\"alignnone size-full wp-image-86200\" src=\"https:\/\/news.evearly.com\/wp-content\/uploads\/2020\/01\/la-nouvelle-seat-leon-hybride-rechargeable-se-revele.jpg\" alt=\"\" width=\"1200\" height=\"718\">Avec les nouvelles normes en mati\u00e8re de r\u00e9duction de CO2, Seat ne pouvait faire l\u2019impasse sur les v\u00e9hicules branch\u00e9s. Apr\u00e8s avoir lanc\u00e9 sa petite Mii Electric en fin d\u2019ann\u00e9e, la marque espagnole poursuit son offensive en apportant \u00e0 sa nouvelle Leon une in\u00e9dite d\u00e9clinaison hybride rechargeable reprenant la m\u00e9canique embarqu\u00e9e \u00e0 bord de la Golf GTE. <a style=\"font-size: inherit\" href=\"https:\/\/www.automobile-propre.com\/la-nouvelle-seat-leon-hybride-rechargeable-se-revele\/\" target=\"_blank\" rel=\"noopener noreferrer\">Lire la suite&#8230;<\/a><\/p>\n","protected":false},"excerpt":{"rendered":"<table>\n<tr>\n<td style=\"width:210px\"><a href=\"https:\/\/www.automobile-propre.com\/la-nouvelle-seat-leon-hybride-rechargeable-se-revele\/\"><img loading=\"lazy\" decoding=\"async\" width=\"186\" height=\"124\" src=\"https:\/\/news.evearly.com\/wp-content\/uploads\/2020\/01\/la-nouvelle-seat-leon-hybride-rechargeable-se-revele-19.jpg\" class=\"attachment-186x124 size-186x124 wp-post-image\" alt=\"\" \/><\/td>\n<td style=\"vertical-align:top\">Avec les nouvelles normes en mati\u00e8re de r\u00e9duction de CO2, Seat ne pouvait faire l\u2019impasse sur les v\u00e9hicules branch\u00e9s. Apr\u00e8s avoir lanc\u00e9 sa petite Mii Electric en fin d\u2019ann\u00e9e, la marque espagnole poursuit son offensive en apportant \u00e0 sa nouvelle Leon une in\u00e9dite d\u00e9clinaison hybride rechargeable reprenant la m\u00e9canique embarqu\u00e9e \u00e0 bord de la Golf GTE.<\/td>\n<\/tr>\n<\/table>\n<p>L\u2019article <a rel=\"nofollow\" href=\"https:\/\/www.automobile-propre.com\/la-nouvelle-seat-leon-hybride-rechargeable-se-revele\/\">La nouvelle Seat Leon hybride rechargeable se r\u00e9v\u00e8le<\/a> est apparu en premier sur <a rel=\"nofollow\" href=\"https:\/\/www.automobile-propre.com\">Automobile Propre<\/a>.<\/p>\n<p>  <a class=\"continue-reading-link\" href=\"https:\/\/www.evearly.news\/fr\/la-nouvelle-seat-leon-hybride-rechargeable-se-revele\/\"><\/a><\/p>\n","protected":false},"author":8,"featured_media":0,"comment_status":"closed","ping_status":"closed","sticky":false,"template":"","format":"standard","meta":{"footnotes":""},"categories":[8],"tags":[],"class_list":["post-21103","post","type-post","status-publish","format-standard","hentry","category-automobile-propre"],"_links":{"self":[{"href":"https:\/\/www.evearly.news\/fr\/wp-json\/wp\/v2\/posts\/21103","targetHints":{"allow":["GET"]}}],"collection":[{"href":"https:\/\/www.evearly.news\/fr\/wp-json\/wp\/v2\/posts"}],"about":[{"href":"https:\/\/www.evearly.news\/fr\/wp-json\/wp\/v2\/types\/post"}],"author":[{"embeddable":true,"href":"https:\/\/www.evearly.news\/fr\/wp-json\/wp\/v2\/users\/8"}],"replies":[{"embeddable":true,"href":"https:\/\/www.evearly.news\/fr\/wp-json\/wp\/v2\/comments?post=21103"}],"version-history":[{"count":0,"href":"https:\/\/www.evearly.news\/fr\/wp-json\/wp\/v2\/posts\/21103\/revisions"}],"wp:attachment":[{"href":"https:\/\/www.evearly.news\/fr\/wp-json\/wp\/v2\/media?parent=21103"}],"wp:term":[{"taxonomy":"category","embeddable":true,"href":"https:\/\/www.evearly.news\/fr\/wp-json\/wp\/v2\/categories?post=21103"},{"taxonomy":"post_tag","embeddable":true,"href":"https:\/\/www.evearly.news\/fr\/wp-json\/wp\/v2\/tags?post=21103"}],"curies":[{"name":"wp","href":"https:\/\/api.w.org\/{rel}","templated":true}]}}