{"id":211260,"date":"2022-11-29T11:00:26","date_gmt":"2022-11-29T10:00:26","guid":{"rendered":"https:\/\/www.automobile-propre.com\/?p=164071"},"modified":"2022-11-29T11:00:26","modified_gmt":"2022-11-29T10:00:26","slug":"voiture-electrique-pourquoi-tant-de-haine","status":"publish","type":"post","link":"https:\/\/www.evearly.news\/fr\/voiture-electrique-pourquoi-tant-de-haine\/","title":{"rendered":"Voiture \u00e9lectrique, pourquoi tant de haine ?"},"content":{"rendered":"<p><img loading=\"lazy\" decoding=\"async\" width=\"500\" height=\"333\" src=\"https:\/\/news.evearly.com\/wp-content\/uploads\/2022\/11\/voiture-electrique-pourquoi-tant-de-haine.jpg\" class=\"attachment-186x124 size-186x124 wp-post-image\" alt=\"Jeune femme en col\u00e8re\" \/><br \/>\nUne partie non n\u00e9gligeable de la population semble d\u00e9tester la voiture \u00e9lectrique. Quelles en sont les raisons ? <a href=\"https:\/\/www.automobile-propre.com\/voiture-electrique-pourquoi-tant-de-haine\/\" target='bwindow' rel=\"noopener\">Lire la suite&#8230;<\/a><\/p>\n","protected":false},"excerpt":{"rendered":"<p>Une partie non n\u00e9gligeable de la population semble d\u00e9tester la voiture \u00e9lectrique. Quelles en sont les raisons ?&#8230; <a class=\"continue-reading-link\" href=\"https:\/\/www.evearly.news\/fr\/voiture-electrique-pourquoi-tant-de-haine\/\"><\/a><\/p>\n","protected":false},"author":8,"featured_media":0,"comment_status":"closed","ping_status":"closed","sticky":false,"template":"","format":"standard","meta":{"footnotes":""},"categories":[8],"tags":[],"class_list":["post-211260","post","type-post","status-publish","format-standard","hentry","category-automobile-propre"],"_links":{"self":[{"href":"https:\/\/www.evearly.news\/fr\/wp-json\/wp\/v2\/posts\/211260","targetHints":{"allow":["GET"]}}],"collection":[{"href":"https:\/\/www.evearly.news\/fr\/wp-json\/wp\/v2\/posts"}],"about":[{"href":"https:\/\/www.evearly.news\/fr\/wp-json\/wp\/v2\/types\/post"}],"author":[{"embeddable":true,"href":"https:\/\/www.evearly.news\/fr\/wp-json\/wp\/v2\/users\/8"}],"replies":[{"embeddable":true,"href":"https:\/\/www.evearly.news\/fr\/wp-json\/wp\/v2\/comments?post=211260"}],"version-history":[{"count":0,"href":"https:\/\/www.evearly.news\/fr\/wp-json\/wp\/v2\/posts\/211260\/revisions"}],"wp:attachment":[{"href":"https:\/\/www.evearly.news\/fr\/wp-json\/wp\/v2\/media?parent=211260"}],"wp:term":[{"taxonomy":"category","embeddable":true,"href":"https:\/\/www.evearly.news\/fr\/wp-json\/wp\/v2\/categories?post=211260"},{"taxonomy":"post_tag","embeddable":true,"href":"https:\/\/www.evearly.news\/fr\/wp-json\/wp\/v2\/tags?post=211260"}],"curies":[{"name":"wp","href":"https:\/\/api.w.org\/{rel}","templated":true}]}}