{"id":2113,"date":"2019-09-09T02:00:00","date_gmt":"2019-09-09T00:00:00","guid":{"rendered":"http:\/\/$url_article"},"modified":"2019-09-09T02:00:00","modified_gmt":"2019-09-09T00:00:00","slug":"barometre-mensuel-cet-ete-le-marche-du-vehicule-electrique-a-enregistre-une-progression-de-54","status":"publish","type":"post","link":"https:\/\/www.evearly.news\/fr\/barometre-mensuel-cet-ete-le-marche-du-vehicule-electrique-a-enregistre-une-progression-de-54\/","title":{"rendered":"Barom\u00e8tre mensuel : cet \u00e9t\u00e9, le march\u00e9 du v\u00e9hicule \u00e9lectrique a enregistr\u00e9 une progression de + 54 % !"},"content":{"rendered":"\n<div class=\"wp-block-image\"><figure class=\"aligncenter size-large\"><img decoding=\"async\" src=\"https:\/\/news.evearly.com\/wp-content\/uploads\/2019\/09\/graph.jpg\" alt=\"\" class=\"wp-image-2172\" \/><\/figure><\/div>\n\n\n<p>6 393 v\u00e9hicules \u00e9lectriques particuliers et utilitaires ont \u00e9t\u00e9 immatricul\u00e9s en France en juillet-ao\u00fbt soit une hausse de + 54 % par rapport \u00e0 la m\u00eame p\u00e9riode en 2018. Les livraisons d\u2019hybrides rechargeables ont l\u00e9g\u00e8rement augment\u00e9 de + 3 % avec 2 564 immatriculations. <a href=\"http:\/\/www.avere-france.org\/Site\/Article\/?article_id=7690\" target=\"_blank\" rel=\"noopener noreferrer\">Lire la suite&#8230;<\/a><\/p>","protected":false},"excerpt":{"rendered":"<p>&#8230; <a class=\"continue-reading-link\" href=\"https:\/\/www.evearly.news\/fr\/barometre-mensuel-cet-ete-le-marche-du-vehicule-electrique-a-enregistre-une-progression-de-54\/\"><\/a><\/p>\n","protected":false},"author":10,"featured_media":0,"comment_status":"closed","ping_status":"closed","sticky":false,"template":"","format":"standard","meta":{"footnotes":""},"categories":[9],"tags":[],"class_list":["post-2113","post","type-post","status-publish","format-standard","hentry","category-avere-france"],"_links":{"self":[{"href":"https:\/\/www.evearly.news\/fr\/wp-json\/wp\/v2\/posts\/2113","targetHints":{"allow":["GET"]}}],"collection":[{"href":"https:\/\/www.evearly.news\/fr\/wp-json\/wp\/v2\/posts"}],"about":[{"href":"https:\/\/www.evearly.news\/fr\/wp-json\/wp\/v2\/types\/post"}],"author":[{"embeddable":true,"href":"https:\/\/www.evearly.news\/fr\/wp-json\/wp\/v2\/users\/10"}],"replies":[{"embeddable":true,"href":"https:\/\/www.evearly.news\/fr\/wp-json\/wp\/v2\/comments?post=2113"}],"version-history":[{"count":0,"href":"https:\/\/www.evearly.news\/fr\/wp-json\/wp\/v2\/posts\/2113\/revisions"}],"wp:attachment":[{"href":"https:\/\/www.evearly.news\/fr\/wp-json\/wp\/v2\/media?parent=2113"}],"wp:term":[{"taxonomy":"category","embeddable":true,"href":"https:\/\/www.evearly.news\/fr\/wp-json\/wp\/v2\/categories?post=2113"},{"taxonomy":"post_tag","embeddable":true,"href":"https:\/\/www.evearly.news\/fr\/wp-json\/wp\/v2\/tags?post=2113"}],"curies":[{"name":"wp","href":"https:\/\/api.w.org\/{rel}","templated":true}]}}