{"id":2114,"date":"2019-09-06T02:00:00","date_gmt":"2019-09-06T00:00:00","guid":{"rendered":"http:\/\/$url_article"},"modified":"2019-09-06T02:00:00","modified_gmt":"2019-09-06T00:00:00","slug":"au-1er-semestre-2019-pres-de-8-900-vehicules-electriques-doccasion-ont-ete-vendus","status":"publish","type":"post","link":"https:\/\/www.evearly.news\/fr\/au-1er-semestre-2019-pres-de-8-900-vehicules-electriques-doccasion-ont-ete-vendus\/","title":{"rendered":"Au 1er semestre 2019, pr\u00e8s de 8 900 v\u00e9hicules \u00e9lectriques d\u2019occasion ont \u00e9t\u00e9 vendus"},"content":{"rendered":"\n<figure class=\"wp-block-image size-large\"><img decoding=\"async\" src=\"https:\/\/news.evearly.com\/wp-content\/uploads\/2019\/09\/ve-occasion-1024x685.png\" alt=\"\" class=\"wp-image-2157\" \/><\/figure>\n\n\n<p>A quelques jours du lancement de la 16\u00e8me Semaine europ\u00e9enne de la mobilit\u00e9, l\u2019Avere-France et L\u2019argus de l&rsquo;automobile font le point sur le march\u00e9 fran\u00e7ais du v\u00e9hicule \u00e9lectrique d\u2019occasion. Pr\u00e8s de 8 900 v\u00e9hicules \u00e9lectriques de seconde main ont \u00e9t\u00e9 vendus au 1er semes <a href=\"http:\/\/www.avere-france.org\/Site\/Article\/?article_id=7688\" target=\"_blank\" rel=\"noopener noreferrer\">Lire la suite&#8230;<\/a><\/p>","protected":false},"excerpt":{"rendered":"<p>&#8230; <a class=\"continue-reading-link\" href=\"https:\/\/www.evearly.news\/fr\/au-1er-semestre-2019-pres-de-8-900-vehicules-electriques-doccasion-ont-ete-vendus\/\"><\/a><\/p>\n","protected":false},"author":10,"featured_media":0,"comment_status":"closed","ping_status":"closed","sticky":false,"template":"","format":"standard","meta":{"footnotes":""},"categories":[9],"tags":[],"class_list":["post-2114","post","type-post","status-publish","format-standard","hentry","category-avere-france"],"_links":{"self":[{"href":"https:\/\/www.evearly.news\/fr\/wp-json\/wp\/v2\/posts\/2114","targetHints":{"allow":["GET"]}}],"collection":[{"href":"https:\/\/www.evearly.news\/fr\/wp-json\/wp\/v2\/posts"}],"about":[{"href":"https:\/\/www.evearly.news\/fr\/wp-json\/wp\/v2\/types\/post"}],"author":[{"embeddable":true,"href":"https:\/\/www.evearly.news\/fr\/wp-json\/wp\/v2\/users\/10"}],"replies":[{"embeddable":true,"href":"https:\/\/www.evearly.news\/fr\/wp-json\/wp\/v2\/comments?post=2114"}],"version-history":[{"count":0,"href":"https:\/\/www.evearly.news\/fr\/wp-json\/wp\/v2\/posts\/2114\/revisions"}],"wp:attachment":[{"href":"https:\/\/www.evearly.news\/fr\/wp-json\/wp\/v2\/media?parent=2114"}],"wp:term":[{"taxonomy":"category","embeddable":true,"href":"https:\/\/www.evearly.news\/fr\/wp-json\/wp\/v2\/categories?post=2114"},{"taxonomy":"post_tag","embeddable":true,"href":"https:\/\/www.evearly.news\/fr\/wp-json\/wp\/v2\/tags?post=2114"}],"curies":[{"name":"wp","href":"https:\/\/api.w.org\/{rel}","templated":true}]}}