{"id":2115,"date":"2019-09-06T02:00:00","date_gmt":"2019-09-06T00:00:00","guid":{"rendered":"http:\/\/$url_article"},"modified":"2023-08-17T19:12:28","modified_gmt":"2023-08-17T19:12:28","slug":"journees-de-lavem-2019-rendez-vous-les-26-et-27-septembre-a-cagnes-sur-mer","status":"publish","type":"post","link":"https:\/\/www.evearly.news\/fr\/journees-de-lavem-2019-rendez-vous-les-26-et-27-septembre-a-cagnes-sur-mer\/","title":{"rendered":"Journ\u00e9es de l\u2019AVEM 2019 : rendez-vous les 26 et 27 septembre \u00e0 Cagnes-sur-Mer"},"content":{"rendered":"\n<figure class=\"wp-block-image size-large\"><img decoding=\"async\" src=\"https:\/\/news.evearly.com\/wp-content\/uploads\/2019\/09\/journees-avem-1024x675.png\" alt=\"\" class=\"wp-image-2166\" \/><\/figure>\n\n\n<p>Organis\u00e9e les 26 et 27 septembre prochains \u00e0 Cagnes-sur-Mer, la troisi\u00e8me \u00e9dition des Journ\u00e9es AVEM de l\u2019\u00e9lectro-mobilit\u00e9 se d\u00e9roulera avec le soutien de la Commission Europ\u00e9enne. <a href=\"http:\/\/www.avere-france.org\/Site\/Article\/?article_id=7689\" target=\"_blank\" rel=\"noopener noreferrer\">Lire la suite&#8230;<\/a><\/p>","protected":false},"excerpt":{"rendered":"<p>&#8230; <a class=\"continue-reading-link\" href=\"https:\/\/www.evearly.news\/fr\/journees-de-lavem-2019-rendez-vous-les-26-et-27-septembre-a-cagnes-sur-mer\/\"><\/a><\/p>\n","protected":false},"author":3,"featured_media":0,"comment_status":"closed","ping_status":"closed","sticky":false,"template":"","format":"standard","meta":{"footnotes":""},"categories":[3],"tags":[],"class_list":["post-2115","post","type-post","status-publish","format-standard","hentry","category-avem"],"_links":{"self":[{"href":"https:\/\/www.evearly.news\/fr\/wp-json\/wp\/v2\/posts\/2115","targetHints":{"allow":["GET"]}}],"collection":[{"href":"https:\/\/www.evearly.news\/fr\/wp-json\/wp\/v2\/posts"}],"about":[{"href":"https:\/\/www.evearly.news\/fr\/wp-json\/wp\/v2\/types\/post"}],"author":[{"embeddable":true,"href":"https:\/\/www.evearly.news\/fr\/wp-json\/wp\/v2\/users\/3"}],"replies":[{"embeddable":true,"href":"https:\/\/www.evearly.news\/fr\/wp-json\/wp\/v2\/comments?post=2115"}],"version-history":[{"count":1,"href":"https:\/\/www.evearly.news\/fr\/wp-json\/wp\/v2\/posts\/2115\/revisions"}],"predecessor-version":[{"id":257508,"href":"https:\/\/www.evearly.news\/fr\/wp-json\/wp\/v2\/posts\/2115\/revisions\/257508"}],"wp:attachment":[{"href":"https:\/\/www.evearly.news\/fr\/wp-json\/wp\/v2\/media?parent=2115"}],"wp:term":[{"taxonomy":"category","embeddable":true,"href":"https:\/\/www.evearly.news\/fr\/wp-json\/wp\/v2\/categories?post=2115"},{"taxonomy":"post_tag","embeddable":true,"href":"https:\/\/www.evearly.news\/fr\/wp-json\/wp\/v2\/tags?post=2115"}],"curies":[{"name":"wp","href":"https:\/\/api.w.org\/{rel}","templated":true}]}}