{"id":2116,"date":"2019-09-05T02:00:00","date_gmt":"2019-09-05T00:00:00","guid":{"rendered":"http:\/\/$url_article"},"modified":"2019-09-05T02:00:00","modified_gmt":"2019-09-05T00:00:00","slug":"its4climate-la-mobilite-intelligente-rassemblee-a-bordeaux-du-17-au-19-septembre","status":"publish","type":"post","link":"https:\/\/www.evearly.news\/fr\/its4climate-la-mobilite-intelligente-rassemblee-a-bordeaux-du-17-au-19-septembre\/","title":{"rendered":"ITS4Climate : la mobilit\u00e9 intelligente rassembl\u00e9e \u00e0 Bordeaux du 17 au 19 septembre"},"content":{"rendered":"\n<figure class=\"wp-block-image size-large\"><img decoding=\"async\" src=\"https:\/\/news.evearly.com\/wp-content\/uploads\/2019\/09\/ITS4C-1.jpeg\" alt=\"\" class=\"wp-image-2170\" \/><\/figure>\n\n\n<p>Premier congr\u00e8s d\u00e9di\u00e9 \u00e0 la mobilit\u00e9 intelligente et \u00e0 la transition \u00e9nerg\u00e9tique, ITS4Climate se d\u00e9roulera du 17 au 19 septembre \u00e0 la Cit\u00e9 mondiale de Bordeaux. <a href=\"http:\/\/www.avere-france.org\/Site\/Article\/?article_id=7692\" target=\"_blank\" rel=\"noopener noreferrer\">Lire la suite&#8230;<\/a><\/p>","protected":false},"excerpt":{"rendered":"<p>&#8230; <a class=\"continue-reading-link\" href=\"https:\/\/www.evearly.news\/fr\/its4climate-la-mobilite-intelligente-rassemblee-a-bordeaux-du-17-au-19-septembre\/\"><\/a><\/p>\n","protected":false},"author":10,"featured_media":0,"comment_status":"closed","ping_status":"closed","sticky":false,"template":"","format":"standard","meta":{"footnotes":""},"categories":[9],"tags":[],"class_list":["post-2116","post","type-post","status-publish","format-standard","hentry","category-avere-france"],"_links":{"self":[{"href":"https:\/\/www.evearly.news\/fr\/wp-json\/wp\/v2\/posts\/2116","targetHints":{"allow":["GET"]}}],"collection":[{"href":"https:\/\/www.evearly.news\/fr\/wp-json\/wp\/v2\/posts"}],"about":[{"href":"https:\/\/www.evearly.news\/fr\/wp-json\/wp\/v2\/types\/post"}],"author":[{"embeddable":true,"href":"https:\/\/www.evearly.news\/fr\/wp-json\/wp\/v2\/users\/10"}],"replies":[{"embeddable":true,"href":"https:\/\/www.evearly.news\/fr\/wp-json\/wp\/v2\/comments?post=2116"}],"version-history":[{"count":0,"href":"https:\/\/www.evearly.news\/fr\/wp-json\/wp\/v2\/posts\/2116\/revisions"}],"wp:attachment":[{"href":"https:\/\/www.evearly.news\/fr\/wp-json\/wp\/v2\/media?parent=2116"}],"wp:term":[{"taxonomy":"category","embeddable":true,"href":"https:\/\/www.evearly.news\/fr\/wp-json\/wp\/v2\/categories?post=2116"},{"taxonomy":"post_tag","embeddable":true,"href":"https:\/\/www.evearly.news\/fr\/wp-json\/wp\/v2\/tags?post=2116"}],"curies":[{"name":"wp","href":"https:\/\/api.w.org\/{rel}","templated":true}]}}