{"id":21160,"date":"2020-01-29T06:00:09","date_gmt":"2020-01-29T05:00:09","guid":{"rendered":"http:\/\/www.avem.fr\/actualite-b-e-green-conserve-la-traverse-brancion-commerce-paris-7857.html"},"modified":"2023-08-17T19:07:48","modified_gmt":"2023-08-17T19:07:48","slug":"b-e-green-conserve-la-traverse-brancion-commerce-paris","status":"publish","type":"post","link":"https:\/\/www.evearly.news\/fr\/b-e-green-conserve-la-traverse-brancion-commerce-paris\/","title":{"rendered":"B.E. Green conserve la traverse Brancion-Commerce (Paris)"},"content":{"rendered":"\n<figure class=\"wp-block-image size-large\"><img decoding=\"async\" src=\"https:\/\/news.evearly.com\/wp-content\/uploads\/2020\/01\/20200128171929.jpg\" alt=\"\" class=\"wp-image-21845\" \/><\/figure>\n\n\n<p>Attribu\u00e9e depuis sa cr\u00e9ation en 2013 \u00e0 Cars Dominique \/ B.E. Green, la concession d\u2019exploitation de la ligne de bus Brancion-Commerce circonscrite au 15e arrondissement de Paris arrive \u00e0 \u00e9ch\u00e9ance. <a href=\"http:\/\/www.avem.fr\/actualite-b-e-green-conserve-la-traverse-brancion-commerce-paris-7857.html\" target=\"_blank\" rel=\"noopener noreferrer\">Lire la suite&#8230;<\/a><\/p>","protected":false},"excerpt":{"rendered":"<p>Attribu\u00e9e depuis sa cr\u00e9ation en 2013 \u00e0 Cars Dominique \/ B.E. Green, la concession d&rsquo;exploitation de la ligne de bus Brancion-Commerce circonscrite au 15e arrondissement de Paris arrive \u00e0 \u00e9ch\u00e9ance. Elle est renouvel\u00e9e pour la tranche du 1er f\u00e9vrier 2020 au 31 d\u00e9cembre 2024 avec une r\u00e9partition des r\u00f4les tripartite :&#8230; <a class=\"continue-reading-link\" href=\"https:\/\/www.evearly.news\/fr\/b-e-green-conserve-la-traverse-brancion-commerce-paris\/\"><\/a><\/p>\n","protected":false},"author":3,"featured_media":0,"comment_status":"closed","ping_status":"closed","sticky":false,"template":"","format":"standard","meta":{"footnotes":""},"categories":[3],"tags":[],"class_list":["post-21160","post","type-post","status-publish","format-standard","hentry","category-avem"],"_links":{"self":[{"href":"https:\/\/www.evearly.news\/fr\/wp-json\/wp\/v2\/posts\/21160","targetHints":{"allow":["GET"]}}],"collection":[{"href":"https:\/\/www.evearly.news\/fr\/wp-json\/wp\/v2\/posts"}],"about":[{"href":"https:\/\/www.evearly.news\/fr\/wp-json\/wp\/v2\/types\/post"}],"author":[{"embeddable":true,"href":"https:\/\/www.evearly.news\/fr\/wp-json\/wp\/v2\/users\/3"}],"replies":[{"embeddable":true,"href":"https:\/\/www.evearly.news\/fr\/wp-json\/wp\/v2\/comments?post=21160"}],"version-history":[{"count":1,"href":"https:\/\/www.evearly.news\/fr\/wp-json\/wp\/v2\/posts\/21160\/revisions"}],"predecessor-version":[{"id":257304,"href":"https:\/\/www.evearly.news\/fr\/wp-json\/wp\/v2\/posts\/21160\/revisions\/257304"}],"wp:attachment":[{"href":"https:\/\/www.evearly.news\/fr\/wp-json\/wp\/v2\/media?parent=21160"}],"wp:term":[{"taxonomy":"category","embeddable":true,"href":"https:\/\/www.evearly.news\/fr\/wp-json\/wp\/v2\/categories?post=21160"},{"taxonomy":"post_tag","embeddable":true,"href":"https:\/\/www.evearly.news\/fr\/wp-json\/wp\/v2\/tags?post=21160"}],"curies":[{"name":"wp","href":"https:\/\/api.w.org\/{rel}","templated":true}]}}