{"id":211842,"date":"2022-12-01T09:04:21","date_gmt":"2022-12-01T08:04:21","guid":{"rendered":"https:\/\/www.automobile-propre.com\/?p=164534"},"modified":"2022-12-01T09:04:21","modified_gmt":"2022-12-01T08:04:21","slug":"renault-megane-electrique-forte-hausse-des-prix","status":"publish","type":"post","link":"https:\/\/www.evearly.news\/fr\/renault-megane-electrique-forte-hausse-des-prix\/","title":{"rendered":"Renault M\u00e9gane \u00e9lectrique : forte hausse des prix"},"content":{"rendered":"<p><img decoding=\"async\" width=\"500\" height=\"333\" src=\"https:\/\/news.evearly.com\/wp-content\/uploads\/2022\/12\/renault-megane-electrique-forte-hausse-des-prix.jpg\" class=\"attachment-186x124 size-186x124 wp-post-image\" alt=\"\" loading=\"lazy\" \/><br \/>\nLes prix de la M\u00e9gane \u00e9lectrique augmentent jusqu&rsquo;\u00e0 1.800 \u20ac. C&rsquo;est la premi\u00e8re hausse des tarifs depuis le lancement du\u2026 <a href=\"https:\/\/www.automobile-propre.com\/renault-megane-electrique-forte-hausse-des-prix\/\" target='bwindow' rel=\"noopener\">Lire la suite&#8230;<\/a><\/p>\n","protected":false},"excerpt":{"rendered":"<p>Les prix de la M\u00e9gane \u00e9lectrique augmentent jusqu&rsquo;\u00e0 1.800 \u20ac. C&rsquo;est la premi\u00e8re hausse des tarifs depuis le lancement du\u2026&#8230; <a class=\"continue-reading-link\" href=\"https:\/\/www.evearly.news\/fr\/renault-megane-electrique-forte-hausse-des-prix\/\"><\/a><\/p>\n","protected":false},"author":8,"featured_media":0,"comment_status":"closed","ping_status":"closed","sticky":false,"template":"","format":"standard","meta":{"footnotes":""},"categories":[8],"tags":[],"class_list":["post-211842","post","type-post","status-publish","format-standard","hentry","category-automobile-propre"],"_links":{"self":[{"href":"https:\/\/www.evearly.news\/fr\/wp-json\/wp\/v2\/posts\/211842","targetHints":{"allow":["GET"]}}],"collection":[{"href":"https:\/\/www.evearly.news\/fr\/wp-json\/wp\/v2\/posts"}],"about":[{"href":"https:\/\/www.evearly.news\/fr\/wp-json\/wp\/v2\/types\/post"}],"author":[{"embeddable":true,"href":"https:\/\/www.evearly.news\/fr\/wp-json\/wp\/v2\/users\/8"}],"replies":[{"embeddable":true,"href":"https:\/\/www.evearly.news\/fr\/wp-json\/wp\/v2\/comments?post=211842"}],"version-history":[{"count":0,"href":"https:\/\/www.evearly.news\/fr\/wp-json\/wp\/v2\/posts\/211842\/revisions"}],"wp:attachment":[{"href":"https:\/\/www.evearly.news\/fr\/wp-json\/wp\/v2\/media?parent=211842"}],"wp:term":[{"taxonomy":"category","embeddable":true,"href":"https:\/\/www.evearly.news\/fr\/wp-json\/wp\/v2\/categories?post=211842"},{"taxonomy":"post_tag","embeddable":true,"href":"https:\/\/www.evearly.news\/fr\/wp-json\/wp\/v2\/tags?post=211842"}],"curies":[{"name":"wp","href":"https:\/\/api.w.org\/{rel}","templated":true}]}}