{"id":211854,"date":"2022-12-01T11:16:04","date_gmt":"2022-12-01T10:16:04","guid":{"rendered":"https:\/\/www.automobile-propre.com\/?p=164567"},"modified":"2022-12-01T11:16:04","modified_gmt":"2022-12-01T10:16:04","slug":"renault-les-prix-des-zoe-et-twingo-electrique-senvolent","status":"publish","type":"post","link":"https:\/\/www.evearly.news\/fr\/renault-les-prix-des-zoe-et-twingo-electrique-senvolent\/","title":{"rendered":"Renault : les prix des Zo\u00e9 et Twingo \u00e9lectrique s\u2019envolent"},"content":{"rendered":"<p><img decoding=\"async\" width=\"500\" height=\"333\" src=\"https:\/\/news.evearly.com\/wp-content\/uploads\/2022\/12\/renault-les-prix-des-zoe-et-twingo-electrique-senvolent.jpg\" class=\"attachment-186x124 size-186x124 wp-post-image\" alt=\"\" loading=\"lazy\" \/><br \/>\nEn cette fin d&rsquo;ann\u00e9e, Renault ne fait pas de cadeau. Les prix de ses mod\u00e8les \u00e9lectriques sont revus \u00e0 la\u2026 <a href=\"https:\/\/www.automobile-propre.com\/renault-les-prix-des-zoe-et-twingo-electrique-senvolent\/\" target='bwindow' rel=\"noopener\">Lire la suite&#8230;<\/a><\/p>\n","protected":false},"excerpt":{"rendered":"<p>En cette fin d&rsquo;ann\u00e9e, Renault ne fait pas de cadeau. Les prix de ses mod\u00e8les \u00e9lectriques sont revus \u00e0 la\u2026&#8230; <a class=\"continue-reading-link\" href=\"https:\/\/www.evearly.news\/fr\/renault-les-prix-des-zoe-et-twingo-electrique-senvolent\/\"><\/a><\/p>\n","protected":false},"author":8,"featured_media":0,"comment_status":"closed","ping_status":"closed","sticky":false,"template":"","format":"standard","meta":{"footnotes":""},"categories":[8],"tags":[],"class_list":["post-211854","post","type-post","status-publish","format-standard","hentry","category-automobile-propre"],"_links":{"self":[{"href":"https:\/\/www.evearly.news\/fr\/wp-json\/wp\/v2\/posts\/211854","targetHints":{"allow":["GET"]}}],"collection":[{"href":"https:\/\/www.evearly.news\/fr\/wp-json\/wp\/v2\/posts"}],"about":[{"href":"https:\/\/www.evearly.news\/fr\/wp-json\/wp\/v2\/types\/post"}],"author":[{"embeddable":true,"href":"https:\/\/www.evearly.news\/fr\/wp-json\/wp\/v2\/users\/8"}],"replies":[{"embeddable":true,"href":"https:\/\/www.evearly.news\/fr\/wp-json\/wp\/v2\/comments?post=211854"}],"version-history":[{"count":0,"href":"https:\/\/www.evearly.news\/fr\/wp-json\/wp\/v2\/posts\/211854\/revisions"}],"wp:attachment":[{"href":"https:\/\/www.evearly.news\/fr\/wp-json\/wp\/v2\/media?parent=211854"}],"wp:term":[{"taxonomy":"category","embeddable":true,"href":"https:\/\/www.evearly.news\/fr\/wp-json\/wp\/v2\/categories?post=211854"},{"taxonomy":"post_tag","embeddable":true,"href":"https:\/\/www.evearly.news\/fr\/wp-json\/wp\/v2\/tags?post=211854"}],"curies":[{"name":"wp","href":"https:\/\/api.w.org\/{rel}","templated":true}]}}