{"id":211863,"date":"2022-12-01T09:34:41","date_gmt":"2022-12-01T08:34:41","guid":{"rendered":"https:\/\/www.avem.fr\/?p=51117"},"modified":"2023-08-17T18:43:13","modified_gmt":"2023-08-17T18:43:13","slug":"lancia-fait-evoluer-son-logo-et-son-design-pour-entrer-dans-lere-de-la-mobilite-electrique","status":"publish","type":"post","link":"https:\/\/www.evearly.news\/fr\/lancia-fait-evoluer-son-logo-et-son-design-pour-entrer-dans-lere-de-la-mobilite-electrique\/","title":{"rendered":"Lancia fait \u00e9voluer son logo et son design pour entrer dans l\u2019\u00e8re de la mobilit\u00e9 \u00e9lectrique"},"content":{"rendered":"<p><img decoding=\"async\" width=\"1000\" height=\"563\" src=\"https:\/\/news.evearly.com\/wp-content\/uploads\/2022\/12\/lancia-fait-evoluer-son-logo-et-son-design-pour-entrer-dans-lere-de-la-mobilite-electrique.jpg\" class=\"attachment-post-thumbnail size-post-thumbnail wp-post-image\" alt=\"Lancia Logo Pu+Ra Design\" loading=\"lazy\" \/>A l\u2019occasion de son Design Day, Lancia a r\u00e9v\u00e9l\u00e9 cette semaine son nouveau logo. Un bijou technologique marquant son entr\u00e9e dans l\u2019\u00e8re de la mobilit\u00e9 \u00e9lectrique. La marque a aussi pr\u00e9sent\u00e9 son nouveau langage stylistique Pu+Ra qui d\u00e9finira son design pour les 10 prochaines ann\u00e9es. Illustr\u00e9 par un manifeste tridimensionnel\u00a0: [\u2026] <a href=\"https:\/\/www.avem.fr\/2022\/12\/01\/lancia-fait-evoluer-son-logo-et-son-design-pour-entrer-dans-lere-de-la-mobilite-electrique\/\" target=\"blank\" rel=\"noopener\">Lire la suite&#8230;<\/a><\/p>\n","protected":false},"excerpt":{"rendered":"<p><img decoding=\"async\" width=\"1000\" height=\"563\" src=\"https:\/\/news.evearly.com\/wp-content\/uploads\/2022\/12\/lancia-fait-evoluer-son-logo-et-son-design-pour-entrer-dans-lere-de-la-mobilite-electrique.jpg\" class=\"attachment-post-thumbnail size-post-thumbnail wp-post-image\" alt=\"Lancia Logo Pu+Ra Design\" loading=\"lazy\" \/>A l\u2019occasion de son Design Day, Lancia a r\u00e9v\u00e9l\u00e9 cette semaine son nouveau logo. Un bijou technologique marquant son entr\u00e9e dans l\u2019\u00e8re de la mobilit\u00e9 \u00e9lectrique. La marque a aussi pr\u00e9sent\u00e9 son nouveau langage stylistique Pu+Ra qui d\u00e9finira son design pour les 10 prochaines ann\u00e9es. Illustr\u00e9 par un manifeste tridimensionnel\u00a0: [\u2026] <a class=\"continue-reading-link\" href=\"https:\/\/www.evearly.news\/fr\/lancia-fait-evoluer-son-logo-et-son-design-pour-entrer-dans-lere-de-la-mobilite-electrique\/\"><\/a><\/p>\n","protected":false},"author":3,"featured_media":0,"comment_status":"closed","ping_status":"closed","sticky":false,"template":"","format":"standard","meta":{"footnotes":""},"categories":[3],"tags":[],"class_list":["post-211863","post","type-post","status-publish","format-standard","hentry","category-avem"],"_links":{"self":[{"href":"https:\/\/www.evearly.news\/fr\/wp-json\/wp\/v2\/posts\/211863","targetHints":{"allow":["GET"]}}],"collection":[{"href":"https:\/\/www.evearly.news\/fr\/wp-json\/wp\/v2\/posts"}],"about":[{"href":"https:\/\/www.evearly.news\/fr\/wp-json\/wp\/v2\/types\/post"}],"author":[{"embeddable":true,"href":"https:\/\/www.evearly.news\/fr\/wp-json\/wp\/v2\/users\/3"}],"replies":[{"embeddable":true,"href":"https:\/\/www.evearly.news\/fr\/wp-json\/wp\/v2\/comments?post=211863"}],"version-history":[{"count":1,"href":"https:\/\/www.evearly.news\/fr\/wp-json\/wp\/v2\/posts\/211863\/revisions"}],"predecessor-version":[{"id":256515,"href":"https:\/\/www.evearly.news\/fr\/wp-json\/wp\/v2\/posts\/211863\/revisions\/256515"}],"wp:attachment":[{"href":"https:\/\/www.evearly.news\/fr\/wp-json\/wp\/v2\/media?parent=211863"}],"wp:term":[{"taxonomy":"category","embeddable":true,"href":"https:\/\/www.evearly.news\/fr\/wp-json\/wp\/v2\/categories?post=211863"},{"taxonomy":"post_tag","embeddable":true,"href":"https:\/\/www.evearly.news\/fr\/wp-json\/wp\/v2\/tags?post=211863"}],"curies":[{"name":"wp","href":"https:\/\/api.w.org\/{rel}","templated":true}]}}