{"id":211866,"date":"2022-12-01T12:00:00","date_gmt":"2022-12-01T11:00:00","guid":{"rendered":"https:\/\/www.caradisiac.com\/les-voitures-electriques-progressent-en-france-en-novembre-199500.htm#xtor=RSS-40"},"modified":"2022-12-01T12:00:00","modified_gmt":"2022-12-01T11:00:00","slug":"les-voitures-electriques-progressent-en-france-en-novembre","status":"publish","type":"post","link":"https:\/\/www.evearly.news\/fr\/les-voitures-electriques-progressent-en-france-en-novembre\/","title":{"rendered":"Les\u00a0voitures \u00e9lectriques progressent en France en novembre"},"content":{"rendered":"<p><img decoding=\"async\" src=\"https:\/\/news.evearly.com\/wp-content\/uploads\/2022\/12\/les-voitures-electriques-progressent-en-france-en-novembre.jpg\" \/> La part de v\u00e9hicules \u00e9lectriques neufs en France n\u2019a jamais \u00e9t\u00e9 aussi \u00e9lev\u00e9e cette ann\u00e9e qu\u2019en novembre. Les groupes Stellantis et Renault r\u00e9gressent mais on note tout de m\u00eame une hausse de 9,8% du march\u00e9 par rapport \u00e0 l\u2019ann\u00e9e derni\u00e8re. <a href=\"https:\/\/www.caradisiac.com\/les-voitures-electriques-progressent-en-france-en-novembre-199500.htm#xtor=RSS-40\" target=\"blank\" rel=\"noopener\">Lire la suite&#8230;<\/a><\/p>\n","protected":false},"excerpt":{"rendered":"<p><img decoding=\"async\" src=\"https:\/\/news.evearly.com\/wp-content\/uploads\/2022\/12\/les-voitures-electriques-progressent-en-france-en-novembre.jpg\" \/> La part de v\u00e9hicules \u00e9lectriques neufs en France n\u2019a jamais \u00e9t\u00e9 aussi \u00e9lev\u00e9e cette ann\u00e9e qu\u2019en novembre. Les groupes Stellantis et Renault r\u00e9gressent mais on note tout de m\u00eame une hausse de 9,8% du march\u00e9 par rapport \u00e0 l\u2019ann\u00e9e derni\u00e8re.<\/p>\n<p> <a class=\"continue-reading-link\" href=\"https:\/\/www.evearly.news\/fr\/les-voitures-electriques-progressent-en-france-en-novembre\/\"><\/a><\/p>\n","protected":false},"author":11,"featured_media":0,"comment_status":"closed","ping_status":"closed","sticky":false,"template":"","format":"standard","meta":{"footnotes":""},"categories":[11],"tags":[],"class_list":["post-211866","post","type-post","status-publish","format-standard","hentry","category-caradisiac"],"_links":{"self":[{"href":"https:\/\/www.evearly.news\/fr\/wp-json\/wp\/v2\/posts\/211866","targetHints":{"allow":["GET"]}}],"collection":[{"href":"https:\/\/www.evearly.news\/fr\/wp-json\/wp\/v2\/posts"}],"about":[{"href":"https:\/\/www.evearly.news\/fr\/wp-json\/wp\/v2\/types\/post"}],"author":[{"embeddable":true,"href":"https:\/\/www.evearly.news\/fr\/wp-json\/wp\/v2\/users\/11"}],"replies":[{"embeddable":true,"href":"https:\/\/www.evearly.news\/fr\/wp-json\/wp\/v2\/comments?post=211866"}],"version-history":[{"count":0,"href":"https:\/\/www.evearly.news\/fr\/wp-json\/wp\/v2\/posts\/211866\/revisions"}],"wp:attachment":[{"href":"https:\/\/www.evearly.news\/fr\/wp-json\/wp\/v2\/media?parent=211866"}],"wp:term":[{"taxonomy":"category","embeddable":true,"href":"https:\/\/www.evearly.news\/fr\/wp-json\/wp\/v2\/categories?post=211866"},{"taxonomy":"post_tag","embeddable":true,"href":"https:\/\/www.evearly.news\/fr\/wp-json\/wp\/v2\/tags?post=211866"}],"curies":[{"name":"wp","href":"https:\/\/api.w.org\/{rel}","templated":true}]}}