{"id":2119,"date":"2019-09-06T10:35:56","date_gmt":"2019-09-06T08:35:56","guid":{"rendered":"https:\/\/www.auto-moto.com\/?p=218973"},"modified":"2019-09-06T10:35:56","modified_gmt":"2019-09-06T08:35:56","slug":"salon-de-francfort-la-coccinelle-se-convertit-a-lelectrique","status":"publish","type":"post","link":"https:\/\/www.evearly.news\/fr\/salon-de-francfort-la-coccinelle-se-convertit-a-lelectrique\/","title":{"rendered":"Salon de Francfort : la Coccinelle se convertit \u00e0 l\u2019\u00e9lectrique"},"content":{"rendered":"<p><img decoding=\"async\" src=\"https:\/\/news.evearly.com\/wp-content\/uploads\/2019\/09\/salon-de-francfort-la-coccinelle-se-convertit-a-lelectrique.jpg\" \/><\/p>\n<p class=\"p2\">Volkswagen eKaf\u00ebr \u2013 Au salon de Francfort 2019, le d\u00e9partement Volkswagen Group Components pr\u00e9sente avec son partenaire eClassics un concept d\u2019\u00e9lectrification de la l\u00e9gendaire Coccinelle. Une conversion qui recourt \u00e0 la motorisation \u00e9lectrique, la bo\u00eete de vitesses et le syst\u00e8me de batterie issus de la Volkswagen e-up!.\u00a0<a href=\"https:\/\/www.auto-moto.com\/nouveautes\/salon-de-francfort-coccinelle-se-convertit-a-lelectrique-218973.html?utm_source=rss_feed&amp;utm_medium=link&amp;utm_campaign=unknown\" target=\"_blank\" rel=\"noopener noreferrer\">Lire la suite&#8230;<\/a><\/p>\n","protected":false},"excerpt":{"rendered":"<p>&#8230; <a class=\"continue-reading-link\" href=\"https:\/\/www.evearly.news\/fr\/salon-de-francfort-la-coccinelle-se-convertit-a-lelectrique\/\"><\/a><\/p>\n","protected":false},"author":9,"featured_media":0,"comment_status":"closed","ping_status":"closed","sticky":false,"template":"","format":"standard","meta":{"footnotes":""},"categories":[10],"tags":[],"class_list":["post-2119","post","type-post","status-publish","format-standard","hentry","category-auto-moto-com"],"_links":{"self":[{"href":"https:\/\/www.evearly.news\/fr\/wp-json\/wp\/v2\/posts\/2119","targetHints":{"allow":["GET"]}}],"collection":[{"href":"https:\/\/www.evearly.news\/fr\/wp-json\/wp\/v2\/posts"}],"about":[{"href":"https:\/\/www.evearly.news\/fr\/wp-json\/wp\/v2\/types\/post"}],"author":[{"embeddable":true,"href":"https:\/\/www.evearly.news\/fr\/wp-json\/wp\/v2\/users\/9"}],"replies":[{"embeddable":true,"href":"https:\/\/www.evearly.news\/fr\/wp-json\/wp\/v2\/comments?post=2119"}],"version-history":[{"count":0,"href":"https:\/\/www.evearly.news\/fr\/wp-json\/wp\/v2\/posts\/2119\/revisions"}],"wp:attachment":[{"href":"https:\/\/www.evearly.news\/fr\/wp-json\/wp\/v2\/media?parent=2119"}],"wp:term":[{"taxonomy":"category","embeddable":true,"href":"https:\/\/www.evearly.news\/fr\/wp-json\/wp\/v2\/categories?post=2119"},{"taxonomy":"post_tag","embeddable":true,"href":"https:\/\/www.evearly.news\/fr\/wp-json\/wp\/v2\/tags?post=2119"}],"curies":[{"name":"wp","href":"https:\/\/api.w.org\/{rel}","templated":true}]}}