{"id":21204,"date":"2020-01-29T00:01:04","date_gmt":"2020-01-28T23:01:04","guid":{"rendered":"https:\/\/www.auto-moto.com\/?p=230295"},"modified":"2020-01-29T00:01:04","modified_gmt":"2020-01-28T23:01:04","slug":"essai-mini-cooper-se-notre-avis-au-volant-de-la-mini-electrique","status":"publish","type":"post","link":"https:\/\/www.evearly.news\/fr\/essai-mini-cooper-se-notre-avis-au-volant-de-la-mini-electrique\/","title":{"rendered":"Essai Mini Cooper SE : notre avis au volant de la Mini \u00e9lectrique"},"content":{"rendered":"<p><img decoding=\"async\" src=\"https:\/\/news.evearly.com\/wp-content\/uploads\/2020\/01\/essai-mini-cooper-se-notre-avis-au-volant-de-la-mini-electrique.jpg\" \/><\/p>\n<p>Jusqu\u2019\u00e0 pr\u00e9sent, seule la Countryman disposait d\u2019une motorisation hybride rechargeable, laquelle r\u00e9alise aujourd\u2019hui plus de 30\u2009% du volume de ventes en France. Par les temps qui courent, il \u00e9tait donc crucial, pour Mini, de lancer une version full Electric. C\u2019est chose faite avec cette Cooper SE, dont les premiers exemplaires seront livr\u00e9s au mois de mars. <a href=\"https:\/\/www.auto-moto.com\/green\/voiture-electrique\/mini-cooper-se-mini-survoltee-230295.html?utm_source=rss_feed&amp;utm_medium=link&amp;utm_campaign=unknown\" target=\"_blank\" rel=\"noopener noreferrer\">Lire la suite&#8230;<\/a><\/p>\n","protected":false},"excerpt":{"rendered":"<p>Mini propose enfin une declinaison \u00e9lectrique de sa 3 portes, s\u00fbrement la meilleure version pour la ville. Son autonomie lui permet de r\u00e9gner sur les agglom\u00e9rations, mais pas de s\u2019\u00e9manciper sur les grands axes.<br \/>\nThe post Essai Mini Cooper SE : notre avis au volant de la Mini \u00e9lectrique appeared first on&#8230; <a class=\"continue-reading-link\" href=\"https:\/\/www.evearly.news\/fr\/essai-mini-cooper-se-notre-avis-au-volant-de-la-mini-electrique\/\"><\/a><\/p>\n","protected":false},"author":9,"featured_media":0,"comment_status":"closed","ping_status":"closed","sticky":false,"template":"","format":"standard","meta":{"footnotes":""},"categories":[10],"tags":[],"class_list":["post-21204","post","type-post","status-publish","format-standard","hentry","category-auto-moto-com"],"_links":{"self":[{"href":"https:\/\/www.evearly.news\/fr\/wp-json\/wp\/v2\/posts\/21204","targetHints":{"allow":["GET"]}}],"collection":[{"href":"https:\/\/www.evearly.news\/fr\/wp-json\/wp\/v2\/posts"}],"about":[{"href":"https:\/\/www.evearly.news\/fr\/wp-json\/wp\/v2\/types\/post"}],"author":[{"embeddable":true,"href":"https:\/\/www.evearly.news\/fr\/wp-json\/wp\/v2\/users\/9"}],"replies":[{"embeddable":true,"href":"https:\/\/www.evearly.news\/fr\/wp-json\/wp\/v2\/comments?post=21204"}],"version-history":[{"count":0,"href":"https:\/\/www.evearly.news\/fr\/wp-json\/wp\/v2\/posts\/21204\/revisions"}],"wp:attachment":[{"href":"https:\/\/www.evearly.news\/fr\/wp-json\/wp\/v2\/media?parent=21204"}],"wp:term":[{"taxonomy":"category","embeddable":true,"href":"https:\/\/www.evearly.news\/fr\/wp-json\/wp\/v2\/categories?post=21204"},{"taxonomy":"post_tag","embeddable":true,"href":"https:\/\/www.evearly.news\/fr\/wp-json\/wp\/v2\/tags?post=21204"}],"curies":[{"name":"wp","href":"https:\/\/api.w.org\/{rel}","templated":true}]}}