{"id":2121,"date":"2019-08-14T13:55:56","date_gmt":"2019-08-14T11:55:56","guid":{"rendered":"http:\/\/www.auto-moto.com\/?p=55400"},"modified":"2019-08-14T13:55:56","modified_gmt":"2019-08-14T11:55:56","slug":"voitures-electriques-2019-tous-les-modeles-leur-prix-leur-autonomie","status":"publish","type":"post","link":"https:\/\/www.evearly.news\/fr\/voitures-electriques-2019-tous-les-modeles-leur-prix-leur-autonomie\/","title":{"rendered":"Voitures \u00e9lectriques 2019 : tous les mod\u00e8les, leur prix, leur autonomie"},"content":{"rendered":"<p><img decoding=\"async\" src=\"https:\/\/news.evearly.com\/wp-content\/uploads\/2019\/09\/voitures-electriques-2019-tous-les-modeles-leur-prix-leur-autonomie.jpg\" \/><\/p>\n<p>Le segment du v\u00e9hicule \u00e9lectrique a progress\u00e9 de 25 % l\u2019ann\u00e9e derni\u00e8re en France par rapport \u00e0 l\u2019exercice pr\u00e9c\u00e9dent. Le march\u00e9 a en effet enregistr\u00e9 31 059 voitures \u00e9lectriques vendues contre 24 910 en 2017 (et 21 752 en 2016). Malgr\u00e9 ce nouveau pas en avant, le secteur reste encore faible en France : sa part de march\u00e9 est en effet pass\u00e9e en l\u2019espace d\u2019un an de 1,18% \u00e0 1,43%.\u00a0<a href=\"https:\/\/www.auto-moto.com\/green\/voitures-electriques-tous-les-modeles-du-marche-leur-prix-leur-autonomie-renault-tesla-nissan-peugeot-bmw-55400.html?utm_source=rss_feed&amp;utm_medium=link&amp;utm_campaign=unknown\" target=\"_blank\" rel=\"noopener noreferrer\">Lire la suite&#8230;<\/a><\/p>\n","protected":false},"excerpt":{"rendered":"<p>&#8230; <a class=\"continue-reading-link\" href=\"https:\/\/www.evearly.news\/fr\/voitures-electriques-2019-tous-les-modeles-leur-prix-leur-autonomie\/\"><\/a><\/p>\n","protected":false},"author":9,"featured_media":0,"comment_status":"closed","ping_status":"closed","sticky":false,"template":"","format":"standard","meta":{"footnotes":""},"categories":[10],"tags":[],"class_list":["post-2121","post","type-post","status-publish","format-standard","hentry","category-auto-moto-com"],"_links":{"self":[{"href":"https:\/\/www.evearly.news\/fr\/wp-json\/wp\/v2\/posts\/2121","targetHints":{"allow":["GET"]}}],"collection":[{"href":"https:\/\/www.evearly.news\/fr\/wp-json\/wp\/v2\/posts"}],"about":[{"href":"https:\/\/www.evearly.news\/fr\/wp-json\/wp\/v2\/types\/post"}],"author":[{"embeddable":true,"href":"https:\/\/www.evearly.news\/fr\/wp-json\/wp\/v2\/users\/9"}],"replies":[{"embeddable":true,"href":"https:\/\/www.evearly.news\/fr\/wp-json\/wp\/v2\/comments?post=2121"}],"version-history":[{"count":0,"href":"https:\/\/www.evearly.news\/fr\/wp-json\/wp\/v2\/posts\/2121\/revisions"}],"wp:attachment":[{"href":"https:\/\/www.evearly.news\/fr\/wp-json\/wp\/v2\/media?parent=2121"}],"wp:term":[{"taxonomy":"category","embeddable":true,"href":"https:\/\/www.evearly.news\/fr\/wp-json\/wp\/v2\/categories?post=2121"},{"taxonomy":"post_tag","embeddable":true,"href":"https:\/\/www.evearly.news\/fr\/wp-json\/wp\/v2\/tags?post=2121"}],"curies":[{"name":"wp","href":"https:\/\/api.w.org\/{rel}","templated":true}]}}