{"id":2123,"date":"2019-07-22T18:01:47","date_gmt":"2019-07-22T16:01:47","guid":{"rendered":"http:\/\/www.auto-moto.com\/?p=70261"},"modified":"2019-07-22T18:01:47","modified_gmt":"2019-07-22T16:01:47","slug":"nouvelle-vignette-dans-quelle-categorie-se-classe-votre-vehicule-norme-euro-certificat-critair","status":"publish","type":"post","link":"https:\/\/www.evearly.news\/fr\/nouvelle-vignette-dans-quelle-categorie-se-classe-votre-vehicule-norme-euro-certificat-critair\/","title":{"rendered":"Nouvelle vignette : dans quelle cat\u00e9gorie se classe votre v\u00e9hicule ? (norme Euro, certificat Crit\u2019Air)"},"content":{"rendered":"\n<div class=\"wp-block-image\"><figure class=\"aligncenter size-large\"><img decoding=\"async\" src=\"https:\/\/news.evearly.com\/wp-content\/uploads\/2019\/09\/critair.png\" alt=\"\" class=\"wp-image-2195\" \/><\/figure><\/div>\n\n\n<p>On ne parle que d\u2019elle, elle appara\u00eet sur les pare-brise, mais on ne la conna\u00eet pas encore bien. La nouvelle vignette\u00a0(officiellement\u00a0: certificat qualit\u00e9 de l\u2019air Crit\u2019Air) a \u00e9t\u00e9 mise en place en 2017. Elle sert notamment \u00e0 exclure de la circulation des v\u00e9hicules lors des pics de pollution. <a style=\"font-size: inherit\" href=\"https:\/\/www.auto-moto.com\/actualite\/environnement\/nouvelle-vignette-categorie-se-classe-vehicule-norme-euro-70261.html?utm_source=rss_feed&amp;utm_medium=link&amp;utm_campaign=unknown\" target=\"_blank\" rel=\"noopener noreferrer\">Lire la suite&#8230;<\/a><\/p>","protected":false},"excerpt":{"rendered":"<p>&#8230; <a class=\"continue-reading-link\" href=\"https:\/\/www.evearly.news\/fr\/nouvelle-vignette-dans-quelle-categorie-se-classe-votre-vehicule-norme-euro-certificat-critair\/\"><\/a><\/p>\n","protected":false},"author":9,"featured_media":0,"comment_status":"closed","ping_status":"closed","sticky":false,"template":"","format":"standard","meta":{"footnotes":""},"categories":[10],"tags":[],"class_list":["post-2123","post","type-post","status-publish","format-standard","hentry","category-auto-moto-com"],"_links":{"self":[{"href":"https:\/\/www.evearly.news\/fr\/wp-json\/wp\/v2\/posts\/2123","targetHints":{"allow":["GET"]}}],"collection":[{"href":"https:\/\/www.evearly.news\/fr\/wp-json\/wp\/v2\/posts"}],"about":[{"href":"https:\/\/www.evearly.news\/fr\/wp-json\/wp\/v2\/types\/post"}],"author":[{"embeddable":true,"href":"https:\/\/www.evearly.news\/fr\/wp-json\/wp\/v2\/users\/9"}],"replies":[{"embeddable":true,"href":"https:\/\/www.evearly.news\/fr\/wp-json\/wp\/v2\/comments?post=2123"}],"version-history":[{"count":0,"href":"https:\/\/www.evearly.news\/fr\/wp-json\/wp\/v2\/posts\/2123\/revisions"}],"wp:attachment":[{"href":"https:\/\/www.evearly.news\/fr\/wp-json\/wp\/v2\/media?parent=2123"}],"wp:term":[{"taxonomy":"category","embeddable":true,"href":"https:\/\/www.evearly.news\/fr\/wp-json\/wp\/v2\/categories?post=2123"},{"taxonomy":"post_tag","embeddable":true,"href":"https:\/\/www.evearly.news\/fr\/wp-json\/wp\/v2\/tags?post=2123"}],"curies":[{"name":"wp","href":"https:\/\/api.w.org\/{rel}","templated":true}]}}