{"id":2124,"date":"2019-07-05T17:18:19","date_gmt":"2019-07-05T15:18:19","guid":{"rendered":"https:\/\/www.auto-moto.com\/?p=215029"},"modified":"2019-07-05T17:18:19","modified_gmt":"2019-07-05T15:18:19","slug":"voiture-electrique-et-hybride-quels-sont-les-pays-les-plus-avances","status":"publish","type":"post","link":"https:\/\/www.evearly.news\/fr\/voiture-electrique-et-hybride-quels-sont-les-pays-les-plus-avances\/","title":{"rendered":"Voiture \u00e9lectrique et hybride : quels sont les pays les plus avanc\u00e9s ?"},"content":{"rendered":"<p><img decoding=\"async\" style=\"width: 100%;height: auto !important;max-width: 960px\" src=\"https:\/\/news.evearly.com\/wp-content\/uploads\/2019\/09\/voiture-electrique-et-hybride-quels-sont-les-pays-les-plus-avances.jpg\" alt=\"Infographie: Voitures \u00e9lectriques : tour d'horizon des parts de march\u00e9 en Europe | Statista\" width=\"100%\" height=\"auto\" \/>O\u00f9 en sont les diff\u00e9rents pays d\u2019Europe en termes de voiture \u00e9lectrique et hybride ? Le portail statistique allemand Statista, avec l\u2019aide de donn\u00e9es issues du site sp\u00e9cialis\u00e9 InsideEVs, r\u00e9pond \u00e0 cette question \u00e0 l\u2019aide d\u2019une carte, permettant de visualiser les parts de march\u00e9 de ces v\u00e9hicules \u00ab propres \u00bb chez nos voisins.\u00a0<a href=\"https:\/\/www.auto-moto.com\/actualite\/environnement\/voiture-electrique-hybride-pays-plus-avances-215029.html?utm_source=rss_feed&amp;utm_medium=link&amp;utm_campaign=unknown\" target=\"_blank\" rel=\"noopener noreferrer\">Lire la suite&#8230;<\/a><\/p>\n","protected":false},"excerpt":{"rendered":"<p>&#8230; <a class=\"continue-reading-link\" href=\"https:\/\/www.evearly.news\/fr\/voiture-electrique-et-hybride-quels-sont-les-pays-les-plus-avances\/\"><\/a><\/p>\n","protected":false},"author":9,"featured_media":0,"comment_status":"closed","ping_status":"closed","sticky":false,"template":"","format":"standard","meta":{"footnotes":""},"categories":[10],"tags":[],"class_list":["post-2124","post","type-post","status-publish","format-standard","hentry","category-auto-moto-com"],"_links":{"self":[{"href":"https:\/\/www.evearly.news\/fr\/wp-json\/wp\/v2\/posts\/2124","targetHints":{"allow":["GET"]}}],"collection":[{"href":"https:\/\/www.evearly.news\/fr\/wp-json\/wp\/v2\/posts"}],"about":[{"href":"https:\/\/www.evearly.news\/fr\/wp-json\/wp\/v2\/types\/post"}],"author":[{"embeddable":true,"href":"https:\/\/www.evearly.news\/fr\/wp-json\/wp\/v2\/users\/9"}],"replies":[{"embeddable":true,"href":"https:\/\/www.evearly.news\/fr\/wp-json\/wp\/v2\/comments?post=2124"}],"version-history":[{"count":0,"href":"https:\/\/www.evearly.news\/fr\/wp-json\/wp\/v2\/posts\/2124\/revisions"}],"wp:attachment":[{"href":"https:\/\/www.evearly.news\/fr\/wp-json\/wp\/v2\/media?parent=2124"}],"wp:term":[{"taxonomy":"category","embeddable":true,"href":"https:\/\/www.evearly.news\/fr\/wp-json\/wp\/v2\/categories?post=2124"},{"taxonomy":"post_tag","embeddable":true,"href":"https:\/\/www.evearly.news\/fr\/wp-json\/wp\/v2\/tags?post=2124"}],"curies":[{"name":"wp","href":"https:\/\/api.w.org\/{rel}","templated":true}]}}