{"id":21252,"date":"2020-01-28T18:13:25","date_gmt":"2020-01-28T17:13:25","guid":{"rendered":"https:\/\/www.automobile-propre.com\/?post_type=breves&amp;p=86184"},"modified":"2020-01-28T18:13:25","modified_gmt":"2020-01-28T17:13:25","slug":"deux-pick-up-electriques-pour-general-motors","status":"publish","type":"post","link":"https:\/\/www.evearly.news\/fr\/deux-pick-up-electriques-pour-general-motors\/","title":{"rendered":"Deux pick-up \u00e9lectriques pour General Motors"},"content":{"rendered":"<p><img decoding=\"async\" src=\"https:\/\/www.automobile-propre.com\/wp-content\/uploads\/2020\/01\/GMC-Sierra-pickup-730x411.jpg\" \/>Apr\u00e8s le Tesla Cybertruck, le Ford F-150 \u00e9lectrique, les Rivian R1T\/S, l\u2019Atlis XT et le futur concept de Karma, le segment du pick-up z\u00e9ro-\u00e9mission va s\u2019\u00e9toffer de deux nouveaux mod\u00e8les. Le mastodonte General Motors veut s\u2019attaquer au march\u00e9 en proposant un premier pick-up \u00e9lectrique d\u2019ici la fin 2021.\u00a0<a href=\"https:\/\/www.automobile-propre.com\/breves\/deux-pick-up-electriques-pour-general-motors\/\" target=\"_blank\" rel=\"noopener noreferrer\">Lire la suite&#8230;<\/a><\/p>\n","protected":false},"excerpt":{"rendered":"<table>\n<tr>\n<td style=\"width:210px\"><a href=\"https:\/\/www.automobile-propre.com\/breves\/deux-pick-up-electriques-pour-general-motors\/\"><img loading=\"lazy\" decoding=\"async\" width=\"186\" height=\"124\" src=\"https:\/\/news.evearly.com\/wp-content\/uploads\/2020\/01\/deux-pick-up-electriques-pour-general-motors.jpg\" class=\"attachment-186x124 size-186x124 wp-post-image\" alt=\"\" \/><\/td>\n<td style=\"vertical-align:top\">En annon\u00e7ant l&rsquo;am\u00e9nagement d&rsquo;une usine enti\u00e8rement d\u00e9di\u00e9e aux v\u00e9hicules \u00e9lectriques, General Motors a r\u00e9v\u00e9l\u00e9 qu&rsquo;il sortira deux pick-up z\u00e9ro-\u00e9mission.<\/td>\n<\/tr>\n<\/table>\n<p>L\u2019article <a rel=\"nofollow\" href=\"https:\/\/www.automobile-propre.com\/breves\/deux-pick-up-electriques-pour-general-motors\/\">Deux pick-up \u00e9lectriques pour General Motors<\/a> est apparu en premier sur <a rel=\"nofollow\" href=\"https:\/\/www.automobile-propre.com\">Automobile Propre<\/a>.<\/p>\n<p>  <a class=\"continue-reading-link\" href=\"https:\/\/www.evearly.news\/fr\/deux-pick-up-electriques-pour-general-motors\/\"><\/a><\/p>\n","protected":false},"author":8,"featured_media":0,"comment_status":"closed","ping_status":"closed","sticky":false,"template":"","format":"standard","meta":{"footnotes":""},"categories":[8],"tags":[],"class_list":["post-21252","post","type-post","status-publish","format-standard","hentry","category-automobile-propre"],"_links":{"self":[{"href":"https:\/\/www.evearly.news\/fr\/wp-json\/wp\/v2\/posts\/21252","targetHints":{"allow":["GET"]}}],"collection":[{"href":"https:\/\/www.evearly.news\/fr\/wp-json\/wp\/v2\/posts"}],"about":[{"href":"https:\/\/www.evearly.news\/fr\/wp-json\/wp\/v2\/types\/post"}],"author":[{"embeddable":true,"href":"https:\/\/www.evearly.news\/fr\/wp-json\/wp\/v2\/users\/8"}],"replies":[{"embeddable":true,"href":"https:\/\/www.evearly.news\/fr\/wp-json\/wp\/v2\/comments?post=21252"}],"version-history":[{"count":0,"href":"https:\/\/www.evearly.news\/fr\/wp-json\/wp\/v2\/posts\/21252\/revisions"}],"wp:attachment":[{"href":"https:\/\/www.evearly.news\/fr\/wp-json\/wp\/v2\/media?parent=21252"}],"wp:term":[{"taxonomy":"category","embeddable":true,"href":"https:\/\/www.evearly.news\/fr\/wp-json\/wp\/v2\/categories?post=21252"},{"taxonomy":"post_tag","embeddable":true,"href":"https:\/\/www.evearly.news\/fr\/wp-json\/wp\/v2\/tags?post=21252"}],"curies":[{"name":"wp","href":"https:\/\/api.w.org\/{rel}","templated":true}]}}