{"id":213096,"date":"2022-12-07T09:41:39","date_gmt":"2022-12-07T08:41:39","guid":{"rendered":"https:\/\/www.automobile-propre.com\/?p=164988"},"modified":"2022-12-07T09:41:39","modified_gmt":"2022-12-07T08:41:39","slug":"volkswagen-chamboule-sa-strategie-de-plateformes-electriques","status":"publish","type":"post","link":"https:\/\/www.evearly.news\/fr\/volkswagen-chamboule-sa-strategie-de-plateformes-electriques\/","title":{"rendered":"Volkswagen chamboule sa strat\u00e9gie de plateformes \u00e9lectriques"},"content":{"rendered":"<p><img decoding=\"async\" width=\"500\" height=\"333\" src=\"https:\/\/news.evearly.com\/wp-content\/uploads\/2022\/12\/volkswagen-chamboule-sa-strategie-de-plateformes-electriques.jpg\" class=\"attachment-186x124 size-186x124 wp-post-image\" alt=\"\" loading=\"lazy\" \/><br \/>\nArriv\u00e9 \u00e0 la t\u00eate de Volkswagen cet \u00e9t\u00e9, Oliver Blume est tr\u00e8s critique sur la strat\u00e9gie de son pr\u00e9d\u00e9cesseur dans le v\u00e9hicule \u00e9lectrique. Le groupe allemand va commencer par modifier en profondeur sa strat\u00e9gie de plateformes, et chambouler le plan produit de ses diff\u00e9rentes marques. <a href=\"https:\/\/www.automobile-propre.com\/volkswagen-chamboule-sa-strategie-de-plateformes-electriques\/\" target='bwindow' rel=\"noopener\">Lire la suite&#8230;<\/a><\/p>\n","protected":false},"excerpt":{"rendered":"<p>Arriv\u00e9 \u00e0 la t\u00eate de Volkswagen cet \u00e9t\u00e9, Oliver Blume est tr\u00e8s critique sur la strat\u00e9gie de son pr\u00e9d\u00e9cesseur dans le v\u00e9hicule \u00e9lectrique. Le groupe allemand va commencer par modifier en profondeur sa strat\u00e9gie de plateformes, et chambouler le plan produit de ses diff\u00e9rentes marques&#8230;. <a class=\"continue-reading-link\" href=\"https:\/\/www.evearly.news\/fr\/volkswagen-chamboule-sa-strategie-de-plateformes-electriques\/\"><\/a><\/p>\n","protected":false},"author":8,"featured_media":0,"comment_status":"closed","ping_status":"closed","sticky":false,"template":"","format":"standard","meta":{"footnotes":""},"categories":[8],"tags":[],"class_list":["post-213096","post","type-post","status-publish","format-standard","hentry","category-automobile-propre"],"_links":{"self":[{"href":"https:\/\/www.evearly.news\/fr\/wp-json\/wp\/v2\/posts\/213096","targetHints":{"allow":["GET"]}}],"collection":[{"href":"https:\/\/www.evearly.news\/fr\/wp-json\/wp\/v2\/posts"}],"about":[{"href":"https:\/\/www.evearly.news\/fr\/wp-json\/wp\/v2\/types\/post"}],"author":[{"embeddable":true,"href":"https:\/\/www.evearly.news\/fr\/wp-json\/wp\/v2\/users\/8"}],"replies":[{"embeddable":true,"href":"https:\/\/www.evearly.news\/fr\/wp-json\/wp\/v2\/comments?post=213096"}],"version-history":[{"count":0,"href":"https:\/\/www.evearly.news\/fr\/wp-json\/wp\/v2\/posts\/213096\/revisions"}],"wp:attachment":[{"href":"https:\/\/www.evearly.news\/fr\/wp-json\/wp\/v2\/media?parent=213096"}],"wp:term":[{"taxonomy":"category","embeddable":true,"href":"https:\/\/www.evearly.news\/fr\/wp-json\/wp\/v2\/categories?post=213096"},{"taxonomy":"post_tag","embeddable":true,"href":"https:\/\/www.evearly.news\/fr\/wp-json\/wp\/v2\/tags?post=213096"}],"curies":[{"name":"wp","href":"https:\/\/api.w.org\/{rel}","templated":true}]}}