{"id":2133,"date":"2019-08-19T13:41:27","date_gmt":"2019-08-19T11:41:27","guid":{"rendered":"https:\/\/www.automobile-propre.com\/?post_type=breves&amp;p=77920"},"modified":"2019-08-19T13:41:27","modified_gmt":"2019-08-19T11:41:27","slug":"dans-son-tesla-roadster-starman-a-boucle-un-tour-du-soleil","status":"publish","type":"post","link":"https:\/\/www.evearly.news\/fr\/dans-son-tesla-roadster-starman-a-boucle-un-tour-du-soleil\/","title":{"rendered":"Dans son Tesla Roadster, Starman a boucl\u00e9 un tour du Soleil"},"content":{"rendered":"\n<figure class=\"wp-block-image size-large\"><img decoding=\"async\" src=\"https:\/\/news.evearly.com\/wp-content\/uploads\/2019\/09\/starman-tour-soleil-1024x577.jpeg\" alt=\"\" class=\"wp-image-2179\" \/><\/figure>\n\n\n<p>Lanc\u00e9 le 6 f\u00e9vrier 2018 depuis Cap Canaveral en Floride, lors d\u2019un essai de la fus\u00e9e Falcon Heavy, le roadster Tesla embarquant \u00e0 la place du conducteur un mannequin baptis\u00e9 Starman, vient d\u2019achever un premier tour du Soleil.<\/p>\n<p><a href=\"https:\/\/www.automobile-propre.com\/breves\/dans-son-tesla-roadster-starman-a-boucle-un-tour-du-soleil\/\" target=\"_blank\" rel=\"noopener noreferrer\">Lire la suite&#8230;<\/a><\/p>","protected":false},"excerpt":{"rendered":"<br \/>\n<table>\n<tr>\n<td style=\"width:210px\"><a href=\"https:\/\/www.automobile-propre.com\/breves\/dans-son-tesla-roadster-starman-a-boucle-un-tour-du-soleil\/\"><img loading=\"lazy\" decoding=\"async\" width=\"186\" height=\"124\" src=\"https:\/\/news.evearly.com\/wp-content\/uploads\/2019\/09\/dans-son-tesla-roadster-starman-a-boucle-un-tour-du-soleil.jpg\" class=\"attachment-186x124 size-186x124 wp-post-image\" alt=\"\" \/><\/td>\n<td style=\"vertical-align:top\">Lanc\u00e9 le 6 f\u00e9vrier 2018 depuis Cap Canaveral en Floride, lors d\u2019un essai de la fus\u00e9e Falcon Heavy, le roadster Tesla embarquant \u00e0 la place du conducteur un mannequin baptis\u00e9 Starman, vient d\u2019achever un premier tour du Soleil.<\/td>\n<\/tr>\n<\/table>\n<p>L\u2019article <a rel=\"nofollow\" href=\"https:\/\/www.automobile-propre.com\/breves\/dans-son-tesla-roadster-starman-a-boucle-un-tour-du-soleil\/\">Dans son Tesla Roadster, Starman a boucl\u00e9 un tour du Soleil<\/a> est apparu en premier sur <a rel=\"nofollow\" href=\"https:\/\/www.automobile-propre.com\">Automobile Propre<\/a>.<\/p>\n<p>  <a class=\"continue-reading-link\" href=\"https:\/\/www.evearly.news\/fr\/dans-son-tesla-roadster-starman-a-boucle-un-tour-du-soleil\/\"><\/a><\/p>\n","protected":false},"author":8,"featured_media":0,"comment_status":"closed","ping_status":"closed","sticky":false,"template":"","format":"standard","meta":{"footnotes":""},"categories":[8],"tags":[],"class_list":["post-2133","post","type-post","status-publish","format-standard","hentry","category-automobile-propre"],"_links":{"self":[{"href":"https:\/\/www.evearly.news\/fr\/wp-json\/wp\/v2\/posts\/2133","targetHints":{"allow":["GET"]}}],"collection":[{"href":"https:\/\/www.evearly.news\/fr\/wp-json\/wp\/v2\/posts"}],"about":[{"href":"https:\/\/www.evearly.news\/fr\/wp-json\/wp\/v2\/types\/post"}],"author":[{"embeddable":true,"href":"https:\/\/www.evearly.news\/fr\/wp-json\/wp\/v2\/users\/8"}],"replies":[{"embeddable":true,"href":"https:\/\/www.evearly.news\/fr\/wp-json\/wp\/v2\/comments?post=2133"}],"version-history":[{"count":0,"href":"https:\/\/www.evearly.news\/fr\/wp-json\/wp\/v2\/posts\/2133\/revisions"}],"wp:attachment":[{"href":"https:\/\/www.evearly.news\/fr\/wp-json\/wp\/v2\/media?parent=2133"}],"wp:term":[{"taxonomy":"category","embeddable":true,"href":"https:\/\/www.evearly.news\/fr\/wp-json\/wp\/v2\/categories?post=2133"},{"taxonomy":"post_tag","embeddable":true,"href":"https:\/\/www.evearly.news\/fr\/wp-json\/wp\/v2\/tags?post=2133"}],"curies":[{"name":"wp","href":"https:\/\/api.w.org\/{rel}","templated":true}]}}