{"id":2135,"date":"2019-06-24T16:50:10","date_gmt":"2019-06-24T14:50:10","guid":{"rendered":"http:\/\/www.auto-moto.com\/?p=76932"},"modified":"2019-06-24T16:50:10","modified_gmt":"2019-06-24T14:50:10","slug":"voitures-hybrides-et-hybrides-rechargeables-2019-tous-les-modeles-leur-prix-leur-autonomie","status":"publish","type":"post","link":"https:\/\/www.evearly.news\/fr\/voitures-hybrides-et-hybrides-rechargeables-2019-tous-les-modeles-leur-prix-leur-autonomie\/","title":{"rendered":"Voitures hybrides et hybrides rechargeables 2019 : tous les mod\u00e8les, leur prix, leur autonomie"},"content":{"rendered":"<p><img decoding=\"async\" src=\"https:\/\/news.evearly.com\/wp-content\/uploads\/2019\/09\/voitures-hybrides-et-hybrides-rechargeables-2019-tous-les-modeles-leur-prix-leur-autonomie.jpg\" \/><\/p>\n<p>En 2018, le march\u00e9 de l\u2019hybride pour les particuliers en France a bondi de 30,4% par rapport \u00e0 l\u2019exercice pr\u00e9c\u00e9dent en totalisant 106 366 unit\u00e9s contre 81\u00a0559 en 2017. Parmi elles, on d\u00e9nombre 14 528 voitures hybrides rechargeables, contre 11\u00a0868 au cours de l\u2019exercice pr\u00e9c\u00e9dent, ce qui repr\u00e9sente une progression de 22,4%. En l\u2019espace d\u2019un an, la part de march\u00e9 des v\u00e9hicules hybrides est pass\u00e9e de 3,86% \u00e0 4,89%, incluant une plus timide \u00e9volution de 0,56% \u00e0 0,67% pour les hybrides rechargeables.\u00a0<a href=\"https:\/\/www.auto-moto.com\/green\/voitures-hybrides-rechargeables-modeles-marche-prix-autonomie-audi-bmw-lexus-mercedes-peugeot-porsche-toyota-volvo-76932.html?utm_source=rss_feed&amp;utm_medium=link&amp;utm_campaign=unknown\" target=\"_blank\" rel=\"noopener noreferrer\">Lire la suite&#8230;<\/a><\/p>\n","protected":false},"excerpt":{"rendered":"<p><img decoding=\"async\" src=\"https:\/\/news.evearly.com\/wp-content\/uploads\/2019\/09\/voitures-hybrides-et-hybrides-rechargeables-2019-tous-les-modeles-leur-prix-leur-autonomie.jpg\"> <\/p>\n<p>Quelles sont les voitures hybrides vendues en France ? Quels sont leurs tarifs ? Quelle est leur consommation\/autonomie ? Auto-Moto fait le point.<\/p>\n<p>The post <a href=\"https:\/\/www.auto-moto.com\/green\/voitures-hybrides-rechargeables-modeles-marche-prix-autonomie-audi-bmw-lexus-mercedes-peugeot-porsche-toyota-volvo-76932.html?utm_source=rss_feed&#038;utm_medium=link&#038;utm_campaign=unknown\">Voitures hybrides et hybrides rechargeables 2019 : tous les mod\u00e8les, leur prix, leur autonomie<\/a> appeared first on <a href=\"https:\/\/www.auto-moto.com?utm_source=rss_feed&#038;utm_medium=link&#038;utm_campaign=unknown\">Auto moto : magazine auto et moto<\/a>.<\/p>\n<p> <a href=\"https:\/\/www.auto-moto.com\/green\/voitures-hybrides-rechargeables-modeles-marche-prix-autonomie-audi-bmw-lexus-mercedes-peugeot-porsche-toyota-volvo-76932.html?utm_source=rss_feed&amp;utm_medium=link&amp;utm_campaign=unknown\" target=\"_blank\" rel=\"noopener noreferrer\">Lire la suite&#8230;<\/a> <a class=\"continue-reading-link\" href=\"https:\/\/www.evearly.news\/fr\/voitures-hybrides-et-hybrides-rechargeables-2019-tous-les-modeles-leur-prix-leur-autonomie\/\"><\/a><\/p>\n","protected":false},"author":9,"featured_media":0,"comment_status":"closed","ping_status":"closed","sticky":false,"template":"","format":"standard","meta":{"footnotes":""},"categories":[10],"tags":[],"class_list":["post-2135","post","type-post","status-publish","format-standard","hentry","category-auto-moto-com"],"_links":{"self":[{"href":"https:\/\/www.evearly.news\/fr\/wp-json\/wp\/v2\/posts\/2135","targetHints":{"allow":["GET"]}}],"collection":[{"href":"https:\/\/www.evearly.news\/fr\/wp-json\/wp\/v2\/posts"}],"about":[{"href":"https:\/\/www.evearly.news\/fr\/wp-json\/wp\/v2\/types\/post"}],"author":[{"embeddable":true,"href":"https:\/\/www.evearly.news\/fr\/wp-json\/wp\/v2\/users\/9"}],"replies":[{"embeddable":true,"href":"https:\/\/www.evearly.news\/fr\/wp-json\/wp\/v2\/comments?post=2135"}],"version-history":[{"count":0,"href":"https:\/\/www.evearly.news\/fr\/wp-json\/wp\/v2\/posts\/2135\/revisions"}],"wp:attachment":[{"href":"https:\/\/www.evearly.news\/fr\/wp-json\/wp\/v2\/media?parent=2135"}],"wp:term":[{"taxonomy":"category","embeddable":true,"href":"https:\/\/www.evearly.news\/fr\/wp-json\/wp\/v2\/categories?post=2135"},{"taxonomy":"post_tag","embeddable":true,"href":"https:\/\/www.evearly.news\/fr\/wp-json\/wp\/v2\/tags?post=2135"}],"curies":[{"name":"wp","href":"https:\/\/api.w.org\/{rel}","templated":true}]}}