{"id":213614,"date":"2022-12-09T08:20:43","date_gmt":"2022-12-09T07:20:43","guid":{"rendered":"https:\/\/www.automobile-propre.com\/?post_type=breves&amp;p=165270"},"modified":"2022-12-09T08:20:43","modified_gmt":"2022-12-09T07:20:43","slug":"honda-presente-le-plus-craquant-des-utilitaires-electriques-a-moins-de-7-000-e","status":"publish","type":"post","link":"https:\/\/www.evearly.news\/fr\/honda-presente-le-plus-craquant-des-utilitaires-electriques-a-moins-de-7-000-e\/","title":{"rendered":"Honda pr\u00e9sente le plus craquant des utilitaires \u00e9lectriques \u00e0 moins de 7 000 \u20ac !"},"content":{"rendered":"<p><img loading=\"lazy\" decoding=\"async\" width=\"500\" height=\"333\" src=\"https:\/\/news.evearly.com\/wp-content\/uploads\/2022\/12\/honda-presente-le-plus-craquant-des-utilitaires-electriques-a-moins-de-7-000-e.jpg\" class=\"attachment-186x124 size-186x124 wp-post-image\" alt=\"Honda N-Van EV\" \/><br \/>\nL&rsquo;\u00e9lectrification de la gamme Honda au Japon commence par les utilitaires. Le petit N-Van, au format Kei, verra arriver une version \u00e9lectrique en 2024 avec un prix particuli\u00e8rement comp\u00e9titif. <a href=\"https:\/\/www.automobile-propre.com\/breves\/honda-presente-le-plus-craquant-des-utilitaires-electriques-a-moins-de-7-000-e\/\" target='bwindow' rel=\"noopener\">Lire la suite&#8230;<\/a><\/p>\n","protected":false},"excerpt":{"rendered":"<p>L&rsquo;\u00e9lectrification de la gamme Honda au Japon commence par les utilitaires. Le petit N-Van, au format Kei, verra arriver une version \u00e9lectrique en 2024 avec un prix particuli\u00e8rement comp\u00e9titif&#8230;. <a class=\"continue-reading-link\" href=\"https:\/\/www.evearly.news\/fr\/honda-presente-le-plus-craquant-des-utilitaires-electriques-a-moins-de-7-000-e\/\"><\/a><\/p>\n","protected":false},"author":8,"featured_media":0,"comment_status":"closed","ping_status":"closed","sticky":false,"template":"","format":"standard","meta":{"footnotes":""},"categories":[8],"tags":[],"class_list":["post-213614","post","type-post","status-publish","format-standard","hentry","category-automobile-propre"],"_links":{"self":[{"href":"https:\/\/www.evearly.news\/fr\/wp-json\/wp\/v2\/posts\/213614","targetHints":{"allow":["GET"]}}],"collection":[{"href":"https:\/\/www.evearly.news\/fr\/wp-json\/wp\/v2\/posts"}],"about":[{"href":"https:\/\/www.evearly.news\/fr\/wp-json\/wp\/v2\/types\/post"}],"author":[{"embeddable":true,"href":"https:\/\/www.evearly.news\/fr\/wp-json\/wp\/v2\/users\/8"}],"replies":[{"embeddable":true,"href":"https:\/\/www.evearly.news\/fr\/wp-json\/wp\/v2\/comments?post=213614"}],"version-history":[{"count":0,"href":"https:\/\/www.evearly.news\/fr\/wp-json\/wp\/v2\/posts\/213614\/revisions"}],"wp:attachment":[{"href":"https:\/\/www.evearly.news\/fr\/wp-json\/wp\/v2\/media?parent=213614"}],"wp:term":[{"taxonomy":"category","embeddable":true,"href":"https:\/\/www.evearly.news\/fr\/wp-json\/wp\/v2\/categories?post=213614"},{"taxonomy":"post_tag","embeddable":true,"href":"https:\/\/www.evearly.news\/fr\/wp-json\/wp\/v2\/tags?post=213614"}],"curies":[{"name":"wp","href":"https:\/\/api.w.org\/{rel}","templated":true}]}}