{"id":2137,"date":"2019-06-22T17:55:43","date_gmt":"2019-06-22T15:55:43","guid":{"rendered":"http:\/\/www.auto-moto.com\/?p=42441"},"modified":"2019-06-22T17:55:43","modified_gmt":"2019-06-22T15:55:43","slug":"circulation-differenciee-et-alternee-comment-ca-fonctionne-qui-peut-rouler-plaques-ou-vignettes-critair","status":"publish","type":"post","link":"https:\/\/www.evearly.news\/fr\/circulation-differenciee-et-alternee-comment-ca-fonctionne-qui-peut-rouler-plaques-ou-vignettes-critair\/","title":{"rendered":"Circulation diff\u00e9renci\u00e9e et altern\u00e9e : comment \u00e7a fonctionne ? Qui peut rouler ? Plaques ou vignettes Crit\u2019Air ?"},"content":{"rendered":"<p><img decoding=\"async\" src=\"https:\/\/news.evearly.com\/wp-content\/uploads\/2019\/09\/circulation-differenciee-et-alternee-comment-ca-fonctionne-qui-peut-rouler-plaques-ou-vignettes-critair.jpg\" \/>Circulation diff\u00e9renci\u00e9e : \u00e7a recommence. Ce mardi 23 juillet, deux agglom\u00e9ration ont mis en place des restrictions de circulation.\u00a0<a href=\"https:\/\/www.auto-moto.com\/actualite\/environnement\/circulation-alternee-comment-ca-marche-jours-de-pollution-plaques-paires-et-impaires-42441.html?utm_source=rss_feed&amp;utm_medium=link&amp;utm_campaign=unknown\" target=\"_blank\" rel=\"noopener noreferrer\">Lire la suite&#8230;<\/a><\/p>\n","protected":false},"excerpt":{"rendered":"<p><img decoding=\"async\" src=\"https:\/\/news.evearly.com\/wp-content\/uploads\/2019\/09\/circulation-differenciee-et-alternee-comment-ca-fonctionne-qui-peut-rouler-plaques-ou-vignettes-critair.jpg\"> <\/p>\n<p>CIRCULATION ALTERNEE ET DIFFERENCIEE \u2013 Quels v\u00e9hicules ont le droit de circuler lors des pics de pollution ? auto-moto.com vous dit tout sur le fonctionnement de la circulation altern\u00e9e. <\/p>\n<p>The post <a href=\"https:\/\/www.auto-moto.com\/actualite\/environnement\/circulation-alternee-comment-ca-marche-jours-de-pollution-plaques-paires-et-impaires-42441.html?utm_source=rss_feed&#038;utm_medium=link&#038;utm_campaign=unknown\">Circulation diff\u00e9renci\u00e9e et altern\u00e9e : comment \u00e7a fonctionne ? Qui peut rouler ? Plaques ou vignettes Crit&rsquo;Air ?<\/a> appeared first on <a href=\"https:\/\/www.auto-moto.com?utm_source=rss_feed&#038;utm_medium=link&#038;utm_campaign=unknown\">Auto moto : magazine auto et moto<\/a>.<\/p>\n<p> <a href=\"https:\/\/www.auto-moto.com\/actualite\/environnement\/circulation-alternee-comment-ca-marche-jours-de-pollution-plaques-paires-et-impaires-42441.html?utm_source=rss_feed&amp;utm_medium=link&amp;utm_campaign=unknown\" target=\"_blank\" rel=\"noopener noreferrer\">Lire la suite&#8230;<\/a> <a class=\"continue-reading-link\" href=\"https:\/\/www.evearly.news\/fr\/circulation-differenciee-et-alternee-comment-ca-fonctionne-qui-peut-rouler-plaques-ou-vignettes-critair\/\"><\/a><\/p>\n","protected":false},"author":9,"featured_media":0,"comment_status":"closed","ping_status":"closed","sticky":false,"template":"","format":"standard","meta":{"footnotes":""},"categories":[10],"tags":[],"class_list":["post-2137","post","type-post","status-publish","format-standard","hentry","category-auto-moto-com"],"_links":{"self":[{"href":"https:\/\/www.evearly.news\/fr\/wp-json\/wp\/v2\/posts\/2137","targetHints":{"allow":["GET"]}}],"collection":[{"href":"https:\/\/www.evearly.news\/fr\/wp-json\/wp\/v2\/posts"}],"about":[{"href":"https:\/\/www.evearly.news\/fr\/wp-json\/wp\/v2\/types\/post"}],"author":[{"embeddable":true,"href":"https:\/\/www.evearly.news\/fr\/wp-json\/wp\/v2\/users\/9"}],"replies":[{"embeddable":true,"href":"https:\/\/www.evearly.news\/fr\/wp-json\/wp\/v2\/comments?post=2137"}],"version-history":[{"count":0,"href":"https:\/\/www.evearly.news\/fr\/wp-json\/wp\/v2\/posts\/2137\/revisions"}],"wp:attachment":[{"href":"https:\/\/www.evearly.news\/fr\/wp-json\/wp\/v2\/media?parent=2137"}],"wp:term":[{"taxonomy":"category","embeddable":true,"href":"https:\/\/www.evearly.news\/fr\/wp-json\/wp\/v2\/categories?post=2137"},{"taxonomy":"post_tag","embeddable":true,"href":"https:\/\/www.evearly.news\/fr\/wp-json\/wp\/v2\/tags?post=2137"}],"curies":[{"name":"wp","href":"https:\/\/api.w.org\/{rel}","templated":true}]}}