{"id":2139,"date":"2019-06-21T17:40:14","date_gmt":"2019-06-21T15:40:14","guid":{"rendered":"https:\/\/www.auto-moto.com\/?p=214025"},"modified":"2019-06-21T17:40:14","modified_gmt":"2019-06-21T15:40:14","slug":"toyota-hybride-c-hr-corolla-yaris-les-modeles-leur-prix","status":"publish","type":"post","link":"https:\/\/www.evearly.news\/fr\/toyota-hybride-c-hr-corolla-yaris-les-modeles-leur-prix\/","title":{"rendered":"Toyota hybride : C-HR, Corolla, Yaris\u2026 les mod\u00e8les, leur prix"},"content":{"rendered":"<p><img decoding=\"async\" src=\"https:\/\/news.evearly.com\/wp-content\/uploads\/2019\/09\/toyota-hybride-c-hr-corolla-yaris-les-modeles-leur-prix.jpg\" \/>Sans \u00eatre forc\u00e9ment un sp\u00e9cialiste des technologies hybrides, vous savez probablement que Toyota fait figure de pionnier dans ce domaine. Voil\u00e0 plus de deux d\u00e9cennies que la marque japonaise d\u00e9veloppe sa gamme sur le volet de l\u2019hybride, depuis le lancement de la Prius en 1997. D\u00e9sormais, la plupart de ses mod\u00e8les b\u00e9n\u00e9ficient de cette alternative au tout thermique, fragilis\u00e9 continuellement en France par le durcissement des normes anti-pollution.\u00a0<a href=\"https:\/\/www.auto-moto.com\/green\/toyota-hybride-c-hr-corolla-yaris-modeles-prix-214025.html?utm_source=rss_feed&amp;utm_medium=link&amp;utm_campaign=unknown\" target=\"_blank\" rel=\"noopener noreferrer\">Lire la suite&#8230;<\/a><\/p>\n","protected":false},"excerpt":{"rendered":"<p><img decoding=\"async\" src=\"https:\/\/news.evearly.com\/wp-content\/uploads\/2019\/09\/toyota-hybride-c-hr-corolla-yaris-les-modeles-leur-prix.jpg\"> <\/p>\n<p>La marque japonaise est l\u2019une des pionni\u00e8res sur le march\u00e9 des voitures hybrides. D\u00e9couvrez la gamme propos\u00e9e et les tarifs.<\/p>\n<p>The post <a href=\"https:\/\/www.auto-moto.com\/green\/toyota-hybride-c-hr-corolla-yaris-modeles-prix-214025.html?utm_source=rss_feed&#038;utm_medium=link&#038;utm_campaign=unknown\">Toyota hybride : C-HR, Corolla, Yaris\u2026 les mod\u00e8les, leur prix<\/a> appeared first on <a href=\"https:\/\/www.auto-moto.com?utm_source=rss_feed&#038;utm_medium=link&#038;utm_campaign=unknown\">Auto moto : magazine auto et moto<\/a>.<\/p>\n<p> <a href=\"https:\/\/www.auto-moto.com\/green\/toyota-hybride-c-hr-corolla-yaris-modeles-prix-214025.html?utm_source=rss_feed&amp;utm_medium=link&amp;utm_campaign=unknown\" target=\"_blank\" rel=\"noopener noreferrer\">Lire la suite&#8230;<\/a> <a class=\"continue-reading-link\" href=\"https:\/\/www.evearly.news\/fr\/toyota-hybride-c-hr-corolla-yaris-les-modeles-leur-prix\/\"><\/a><\/p>\n","protected":false},"author":9,"featured_media":0,"comment_status":"closed","ping_status":"closed","sticky":false,"template":"","format":"standard","meta":{"footnotes":""},"categories":[10],"tags":[],"class_list":["post-2139","post","type-post","status-publish","format-standard","hentry","category-auto-moto-com"],"_links":{"self":[{"href":"https:\/\/www.evearly.news\/fr\/wp-json\/wp\/v2\/posts\/2139","targetHints":{"allow":["GET"]}}],"collection":[{"href":"https:\/\/www.evearly.news\/fr\/wp-json\/wp\/v2\/posts"}],"about":[{"href":"https:\/\/www.evearly.news\/fr\/wp-json\/wp\/v2\/types\/post"}],"author":[{"embeddable":true,"href":"https:\/\/www.evearly.news\/fr\/wp-json\/wp\/v2\/users\/9"}],"replies":[{"embeddable":true,"href":"https:\/\/www.evearly.news\/fr\/wp-json\/wp\/v2\/comments?post=2139"}],"version-history":[{"count":0,"href":"https:\/\/www.evearly.news\/fr\/wp-json\/wp\/v2\/posts\/2139\/revisions"}],"wp:attachment":[{"href":"https:\/\/www.evearly.news\/fr\/wp-json\/wp\/v2\/media?parent=2139"}],"wp:term":[{"taxonomy":"category","embeddable":true,"href":"https:\/\/www.evearly.news\/fr\/wp-json\/wp\/v2\/categories?post=2139"},{"taxonomy":"post_tag","embeddable":true,"href":"https:\/\/www.evearly.news\/fr\/wp-json\/wp\/v2\/tags?post=2139"}],"curies":[{"name":"wp","href":"https:\/\/api.w.org\/{rel}","templated":true}]}}