{"id":213938,"date":"2022-12-11T11:08:42","date_gmt":"2022-12-11T10:08:42","guid":{"rendered":"https:\/\/www.automobile-propre.com\/?post_type=breves&amp;p=164907"},"modified":"2022-12-11T11:08:42","modified_gmt":"2022-12-11T10:08:42","slug":"ac-schnitzer-senerve-sur-une-bmw-i4-de-la-police-allemande","status":"publish","type":"post","link":"https:\/\/www.evearly.news\/fr\/ac-schnitzer-senerve-sur-une-bmw-i4-de-la-police-allemande\/","title":{"rendered":"AC Schnitzer s\u2019\u00e9nerve sur une BMW i4 de la police allemande"},"content":{"rendered":"<p><img loading=\"lazy\" decoding=\"async\" width=\"500\" height=\"333\" src=\"https:\/\/news.evearly.com\/wp-content\/uploads\/2022\/12\/ac-schnitzer-senerve-sur-une-bmw-i4-de-la-police-allemande.jpg\" class=\"attachment-186x124 size-186x124 wp-post-image\" alt=\"BMW i4\" \/><br \/>\nPour le salon d\u2019Essen 2022, AC Schnitzer a pr\u00e9sent\u00e9 un programme de pr\u00e9paration sp\u00e9cial sur base de BMW i4 Polizei. <a href=\"https:\/\/www.automobile-propre.com\/breves\/ac-schnitzer-senerve-sur-une-bmw-i4-de-la-police-allemande\/\" target='bwindow' rel=\"noopener\">Lire la suite&#8230;<\/a><\/p>\n","protected":false},"excerpt":{"rendered":"<p>Pour le salon d\u2019Essen 2022, AC Schnitzer a pr\u00e9sent\u00e9 un programme de pr\u00e9paration sp\u00e9cial sur base de BMW i4 Polizei&#8230;. <a class=\"continue-reading-link\" href=\"https:\/\/www.evearly.news\/fr\/ac-schnitzer-senerve-sur-une-bmw-i4-de-la-police-allemande\/\"><\/a><\/p>\n","protected":false},"author":8,"featured_media":0,"comment_status":"closed","ping_status":"closed","sticky":false,"template":"","format":"standard","meta":{"footnotes":""},"categories":[8],"tags":[],"class_list":["post-213938","post","type-post","status-publish","format-standard","hentry","category-automobile-propre"],"_links":{"self":[{"href":"https:\/\/www.evearly.news\/fr\/wp-json\/wp\/v2\/posts\/213938","targetHints":{"allow":["GET"]}}],"collection":[{"href":"https:\/\/www.evearly.news\/fr\/wp-json\/wp\/v2\/posts"}],"about":[{"href":"https:\/\/www.evearly.news\/fr\/wp-json\/wp\/v2\/types\/post"}],"author":[{"embeddable":true,"href":"https:\/\/www.evearly.news\/fr\/wp-json\/wp\/v2\/users\/8"}],"replies":[{"embeddable":true,"href":"https:\/\/www.evearly.news\/fr\/wp-json\/wp\/v2\/comments?post=213938"}],"version-history":[{"count":0,"href":"https:\/\/www.evearly.news\/fr\/wp-json\/wp\/v2\/posts\/213938\/revisions"}],"wp:attachment":[{"href":"https:\/\/www.evearly.news\/fr\/wp-json\/wp\/v2\/media?parent=213938"}],"wp:term":[{"taxonomy":"category","embeddable":true,"href":"https:\/\/www.evearly.news\/fr\/wp-json\/wp\/v2\/categories?post=213938"},{"taxonomy":"post_tag","embeddable":true,"href":"https:\/\/www.evearly.news\/fr\/wp-json\/wp\/v2\/tags?post=213938"}],"curies":[{"name":"wp","href":"https:\/\/api.w.org\/{rel}","templated":true}]}}