{"id":2143,"date":"2019-08-17T13:44:04","date_gmt":"2019-08-17T11:44:04","guid":{"rendered":"https:\/\/www.automobile-propre.com\/?post_type=breves&amp;p=77839"},"modified":"2019-08-17T13:44:04","modified_gmt":"2019-08-17T11:44:04","slug":"tesla-semi-une-autonomie-au-dela-des-attentes","status":"publish","type":"post","link":"https:\/\/www.evearly.news\/fr\/tesla-semi-une-autonomie-au-dela-des-attentes\/","title":{"rendered":"Tesla Semi\u00a0: une autonomie au-del\u00e0 des attentes"},"content":{"rendered":"\n<figure class=\"wp-block-image size-large\"><img decoding=\"async\" src=\"https:\/\/news.evearly.com\/wp-content\/uploads\/2019\/09\/tesla-semi-test-drive.jpg\" alt=\"\" class=\"wp-image-2181\" \/><\/figure>\n\n\n<p>Aper\u00e7u lors d\u2019un test r\u00e9alis\u00e9 dans les environs de Donner Pass, un col situ\u00e9 en Californie, le Tesla Semi semble au-del\u00e0 des attentes du constructeur en mati\u00e8re d\u2019autonomie.<\/p>\n<p><a href=\"https:\/\/www.automobile-propre.com\/breves\/tesla-semi-autonomie-au-dela-attentes\/\" target=\"_blank\" rel=\"noopener noreferrer\">Lire la suite&#8230;<\/a><\/p>","protected":false},"excerpt":{"rendered":"<br \/>\n<table>\n<tr>\n<td style=\"width:210px\"><a href=\"https:\/\/www.automobile-propre.com\/breves\/tesla-semi-autonomie-au-dela-attentes\/\"><img loading=\"lazy\" decoding=\"async\" width=\"186\" height=\"124\" src=\"https:\/\/news.evearly.com\/wp-content\/uploads\/2019\/09\/tesla-semi-une-autonomie-au-dela-des-attentes.jpg\" class=\"attachment-186x124 size-186x124 wp-post-image\" alt=\"\" \/><\/td>\n<td style=\"vertical-align:top\">Aper\u00e7u lors d\u2019un test r\u00e9alis\u00e9 dans les environs de Donner Pass, un col situ\u00e9 en Californie, le Tesla Semi semble au-del\u00e0 des attentes du constructeur en mati\u00e8re d\u2019autonomie.<\/td>\n<\/tr>\n<\/table>\n<p>L\u2019article <a rel=\"nofollow\" href=\"https:\/\/www.automobile-propre.com\/breves\/tesla-semi-autonomie-au-dela-attentes\/\">Tesla Semi\u00a0: une autonomie au-del\u00e0 des attentes<\/a> est apparu en premier sur <a rel=\"nofollow\" href=\"https:\/\/www.automobile-propre.com\">Automobile Propre<\/a>.<\/p>\n<p>  <a class=\"continue-reading-link\" href=\"https:\/\/www.evearly.news\/fr\/tesla-semi-une-autonomie-au-dela-des-attentes\/\"><\/a><\/p>\n","protected":false},"author":8,"featured_media":0,"comment_status":"closed","ping_status":"closed","sticky":false,"template":"","format":"standard","meta":{"footnotes":""},"categories":[8],"tags":[],"class_list":["post-2143","post","type-post","status-publish","format-standard","hentry","category-automobile-propre"],"_links":{"self":[{"href":"https:\/\/www.evearly.news\/fr\/wp-json\/wp\/v2\/posts\/2143","targetHints":{"allow":["GET"]}}],"collection":[{"href":"https:\/\/www.evearly.news\/fr\/wp-json\/wp\/v2\/posts"}],"about":[{"href":"https:\/\/www.evearly.news\/fr\/wp-json\/wp\/v2\/types\/post"}],"author":[{"embeddable":true,"href":"https:\/\/www.evearly.news\/fr\/wp-json\/wp\/v2\/users\/8"}],"replies":[{"embeddable":true,"href":"https:\/\/www.evearly.news\/fr\/wp-json\/wp\/v2\/comments?post=2143"}],"version-history":[{"count":0,"href":"https:\/\/www.evearly.news\/fr\/wp-json\/wp\/v2\/posts\/2143\/revisions"}],"wp:attachment":[{"href":"https:\/\/www.evearly.news\/fr\/wp-json\/wp\/v2\/media?parent=2143"}],"wp:term":[{"taxonomy":"category","embeddable":true,"href":"https:\/\/www.evearly.news\/fr\/wp-json\/wp\/v2\/categories?post=2143"},{"taxonomy":"post_tag","embeddable":true,"href":"https:\/\/www.evearly.news\/fr\/wp-json\/wp\/v2\/tags?post=2143"}],"curies":[{"name":"wp","href":"https:\/\/api.w.org\/{rel}","templated":true}]}}