{"id":2144,"date":"2019-08-16T11:38:00","date_gmt":"2019-08-16T09:38:00","guid":{"rendered":"https:\/\/www.automobile-propre.com\/?post_type=breves&amp;p=77797"},"modified":"2019-08-16T11:38:00","modified_gmt":"2019-08-16T09:38:00","slug":"toyota-rav4-la-version-hybride-rechargeable-a-lapproche","status":"publish","type":"post","link":"https:\/\/www.evearly.news\/fr\/toyota-rav4-la-version-hybride-rechargeable-a-lapproche\/","title":{"rendered":"Toyota RAV4 : La version hybride rechargeable \u00e0 l\u2019approche ?"},"content":{"rendered":"\n<figure class=\"wp-block-image size-large\"><img decoding=\"async\" src=\"https:\/\/news.evearly.com\/wp-content\/uploads\/2019\/09\/AP90816_bToyotaPHEV.jpg\" alt=\"\" class=\"wp-image-2183\" \/><\/figure>\n\n\n<p>Branch\u00e9, mais 100% \u00e9lectrique, le RAV4 l\u2019a d\u00e9j\u00e0 \u00e9t\u00e9 aux Etats-Unis, plus particuli\u00e8rement en Californie. D\u2019abord sur le fil du changement de si\u00e8cle (1997-2003), puis une dizaine d\u2019ann\u00e9es plus tard (2012-2014) avec la collaboration de Tesla.<\/p>\n<p><a href=\"https:\/\/www.automobile-propre.com\/breves\/toyota-rav4-la-version-hybride-rechargeable-a-lapproche\/\" target=\"_blank\" rel=\"noopener noreferrer\">Lire la suite&#8230;<\/a><\/p>","protected":false},"excerpt":{"rendered":"<br \/>\n<table>\n<tr>\n<td style=\"width:210px\"><a href=\"https:\/\/www.automobile-propre.com\/breves\/toyota-rav4-la-version-hybride-rechargeable-a-lapproche\/\"><img loading=\"lazy\" decoding=\"async\" width=\"186\" height=\"124\" src=\"https:\/\/news.evearly.com\/wp-content\/uploads\/2019\/09\/toyota-rav4-la-version-hybride-rechargeable-a-lapproche.jpg\" class=\"attachment-186x124 size-186x124 wp-post-image\" alt=\"\" \/><\/td>\n<td style=\"vertical-align:top\">Branch\u00e9, mais 100% \u00e9lectrique, le RAV4 l\u2019a d\u00e9j\u00e0 \u00e9t\u00e9 aux Etats-Unis, plus particuli\u00e8rement en Californie. D\u2019abord sur le fil du changement de si\u00e8cle (1997-2003), puis une dizaine d\u2019ann\u00e9es plus tard (2012-2014) avec la collaboration de Tesla.<\/td>\n<\/tr>\n<\/table>\n<p>L\u2019article <a rel=\"nofollow\" href=\"https:\/\/www.automobile-propre.com\/breves\/toyota-rav4-la-version-hybride-rechargeable-a-lapproche\/\">Toyota RAV4 : La version hybride rechargeable \u00e0 l&rsquo;approche ?<\/a> est apparu en premier sur <a rel=\"nofollow\" href=\"https:\/\/www.automobile-propre.com\">Automobile Propre<\/a>.<\/p>\n<p>  <a class=\"continue-reading-link\" href=\"https:\/\/www.evearly.news\/fr\/toyota-rav4-la-version-hybride-rechargeable-a-lapproche\/\"><\/a><\/p>\n","protected":false},"author":8,"featured_media":0,"comment_status":"closed","ping_status":"closed","sticky":false,"template":"","format":"standard","meta":{"footnotes":""},"categories":[8],"tags":[],"class_list":["post-2144","post","type-post","status-publish","format-standard","hentry","category-automobile-propre"],"_links":{"self":[{"href":"https:\/\/www.evearly.news\/fr\/wp-json\/wp\/v2\/posts\/2144","targetHints":{"allow":["GET"]}}],"collection":[{"href":"https:\/\/www.evearly.news\/fr\/wp-json\/wp\/v2\/posts"}],"about":[{"href":"https:\/\/www.evearly.news\/fr\/wp-json\/wp\/v2\/types\/post"}],"author":[{"embeddable":true,"href":"https:\/\/www.evearly.news\/fr\/wp-json\/wp\/v2\/users\/8"}],"replies":[{"embeddable":true,"href":"https:\/\/www.evearly.news\/fr\/wp-json\/wp\/v2\/comments?post=2144"}],"version-history":[{"count":0,"href":"https:\/\/www.evearly.news\/fr\/wp-json\/wp\/v2\/posts\/2144\/revisions"}],"wp:attachment":[{"href":"https:\/\/www.evearly.news\/fr\/wp-json\/wp\/v2\/media?parent=2144"}],"wp:term":[{"taxonomy":"category","embeddable":true,"href":"https:\/\/www.evearly.news\/fr\/wp-json\/wp\/v2\/categories?post=2144"},{"taxonomy":"post_tag","embeddable":true,"href":"https:\/\/www.evearly.news\/fr\/wp-json\/wp\/v2\/tags?post=2144"}],"curies":[{"name":"wp","href":"https:\/\/api.w.org\/{rel}","templated":true}]}}