{"id":2145,"date":"2019-08-15T14:23:15","date_gmt":"2019-08-15T12:23:15","guid":{"rendered":"https:\/\/www.automobile-propre.com\/?post_type=breves&amp;p=77769"},"modified":"2019-08-15T14:23:15","modified_gmt":"2019-08-15T12:23:15","slug":"la-tesla-model-3-vendue-23-500-euros-en-coree","status":"publish","type":"post","link":"https:\/\/www.evearly.news\/fr\/la-tesla-model-3-vendue-23-500-euros-en-coree\/","title":{"rendered":"La Tesla Model 3 vendue 23.500 euros en Cor\u00e9e"},"content":{"rendered":"\n<figure class=\"wp-block-image size-large\"><img decoding=\"async\" src=\"https:\/\/news.evearly.com\/wp-content\/uploads\/2019\/09\/tesla_model_3_rouge-1024x640.jpg\" alt=\"\" class=\"wp-image-2185\" \/><\/figure>\n\n\n<p>Autrefois in\u00e9ligible aux g\u00e9n\u00e9reux bonus \u00e9cologiques sud-cor\u00e9ens, la Tesla Model 3 b\u00e9n\u00e9ficie d\u00e9sormais d&rsquo;un changement de l\u00e9gislation. Son prix nettement diminu\u00e9, de longues files d&rsquo;attente ont \u00e9t\u00e9 observ\u00e9es devant les boutiques de la marque.<\/p>\n<p><a href=\"https:\/\/www.automobile-propre.com\/breves\/la-tesla-model-3-vendue-23-500-euros-en-coree\/\" target=\"_blank\" rel=\"noopener noreferrer\">Lire la suite&#8230;<\/a><\/p>","protected":false},"excerpt":{"rendered":"<br \/>\n<table>\n<tr>\n<td style=\"width:210px\"><a href=\"https:\/\/www.automobile-propre.com\/breves\/la-tesla-model-3-vendue-23-500-euros-en-coree\/\"><img loading=\"lazy\" decoding=\"async\" width=\"186\" height=\"124\" src=\"https:\/\/news.evearly.com\/wp-content\/uploads\/2019\/09\/la-tesla-model-3-vendue-23-500-euros-en-coree.jpg\" class=\"attachment-186x124 size-186x124 wp-post-image\" alt=\"\" \/><\/td>\n<td style=\"vertical-align:top\">Autrefois in\u00e9ligible aux g\u00e9n\u00e9reux bonus \u00e9cologiques sud-cor\u00e9ens, la Tesla Model 3 b\u00e9n\u00e9ficie d\u00e9sormais d&rsquo;un changement de l\u00e9gislation. Son prix nettement diminu\u00e9, de longues files d&rsquo;attente ont \u00e9t\u00e9 observ\u00e9es devant les boutiques de la marque.<\/td>\n<\/tr>\n<\/table>\n<p>L\u2019article <a rel=\"nofollow\" href=\"https:\/\/www.automobile-propre.com\/breves\/la-tesla-model-3-vendue-23-500-euros-en-coree\/\">La Tesla Model 3 vendue 23.500 euros en Cor\u00e9e<\/a> est apparu en premier sur <a rel=\"nofollow\" href=\"https:\/\/www.automobile-propre.com\">Automobile Propre<\/a>.<\/p>\n<p>  <a class=\"continue-reading-link\" href=\"https:\/\/www.evearly.news\/fr\/la-tesla-model-3-vendue-23-500-euros-en-coree\/\"><\/a><\/p>\n","protected":false},"author":8,"featured_media":0,"comment_status":"closed","ping_status":"closed","sticky":false,"template":"","format":"standard","meta":{"footnotes":""},"categories":[8],"tags":[],"class_list":["post-2145","post","type-post","status-publish","format-standard","hentry","category-automobile-propre"],"_links":{"self":[{"href":"https:\/\/www.evearly.news\/fr\/wp-json\/wp\/v2\/posts\/2145","targetHints":{"allow":["GET"]}}],"collection":[{"href":"https:\/\/www.evearly.news\/fr\/wp-json\/wp\/v2\/posts"}],"about":[{"href":"https:\/\/www.evearly.news\/fr\/wp-json\/wp\/v2\/types\/post"}],"author":[{"embeddable":true,"href":"https:\/\/www.evearly.news\/fr\/wp-json\/wp\/v2\/users\/8"}],"replies":[{"embeddable":true,"href":"https:\/\/www.evearly.news\/fr\/wp-json\/wp\/v2\/comments?post=2145"}],"version-history":[{"count":0,"href":"https:\/\/www.evearly.news\/fr\/wp-json\/wp\/v2\/posts\/2145\/revisions"}],"wp:attachment":[{"href":"https:\/\/www.evearly.news\/fr\/wp-json\/wp\/v2\/media?parent=2145"}],"wp:term":[{"taxonomy":"category","embeddable":true,"href":"https:\/\/www.evearly.news\/fr\/wp-json\/wp\/v2\/categories?post=2145"},{"taxonomy":"post_tag","embeddable":true,"href":"https:\/\/www.evearly.news\/fr\/wp-json\/wp\/v2\/tags?post=2145"}],"curies":[{"name":"wp","href":"https:\/\/api.w.org\/{rel}","templated":true}]}}