{"id":2146,"date":"2019-08-14T10:32:54","date_gmt":"2019-08-14T08:32:54","guid":{"rendered":"https:\/\/www.automobile-propre.com\/?post_type=breves&amp;p=77712"},"modified":"2019-08-14T10:32:54","modified_gmt":"2019-08-14T08:32:54","slug":"une-voiture-hybride-dacia-en-preparation","status":"publish","type":"post","link":"https:\/\/www.evearly.news\/fr\/une-voiture-hybride-dacia-en-preparation\/","title":{"rendered":"Une voiture hybride Dacia en pr\u00e9paration\u00a0?"},"content":{"rendered":"<p><img loading=\"lazy\" decoding=\"async\" class=\"attachment-186x124  wp-post-image aligncenter\" src=\"https:\/\/news.evearly.com\/wp-content\/uploads\/2019\/09\/une-voiture-hybride-dacia-en-preparation.jpg\" alt=\"\" width=\"402\" height=\"268\">N\u2019\u00e9chappant pas aux contraintes impos\u00e9es par Bruxelles en mati\u00e8re d\u2019\u00e9missions de CO2, Dacia songe \u00e0 se tourner vers l\u2019hybride pour \u00e9viter de lourdes amendes.&nbsp;<a href=\"https:\/\/www.automobile-propre.com\/breves\/une-voiture-hybride-dacia-en-preparation\/\" target=\"_blank\" rel=\"noopener noreferrer\">Lire la suite&#8230;<\/a><\/p>\n","protected":false},"excerpt":{"rendered":"<br \/>\n<table>\n<tr>\n<td style=\"width:210px\"><a href=\"https:\/\/www.automobile-propre.com\/breves\/une-voiture-hybride-dacia-en-preparation\/\"><img loading=\"lazy\" decoding=\"async\" width=\"186\" height=\"124\" src=\"https:\/\/news.evearly.com\/wp-content\/uploads\/2019\/09\/une-voiture-hybride-dacia-en-preparation.jpg\" class=\"attachment-186x124 size-186x124 wp-post-image\" alt=\"\" \/><\/td>\n<td style=\"vertical-align:top\">N\u2019\u00e9chappant pas aux contraintes impos\u00e9es par Bruxelles en mati\u00e8re d\u2019\u00e9missions de CO2, Dacia songe \u00e0 se tourner vers l\u2019hybride pour \u00e9viter de lourdes amendes.<\/td>\n<\/tr>\n<\/table>\n<p>L\u2019article <a rel=\"nofollow\" href=\"https:\/\/www.automobile-propre.com\/breves\/une-voiture-hybride-dacia-en-preparation\/\">Une voiture hybride Dacia en pr\u00e9paration\u00a0?<\/a> est apparu en premier sur <a rel=\"nofollow\" href=\"https:\/\/www.automobile-propre.com\">Automobile Propre<\/a>.<\/p>\n<p>  <a class=\"continue-reading-link\" href=\"https:\/\/www.evearly.news\/fr\/une-voiture-hybride-dacia-en-preparation\/\"><\/a><\/p>\n","protected":false},"author":8,"featured_media":0,"comment_status":"closed","ping_status":"closed","sticky":false,"template":"","format":"standard","meta":{"footnotes":""},"categories":[8],"tags":[],"class_list":["post-2146","post","type-post","status-publish","format-standard","hentry","category-automobile-propre"],"_links":{"self":[{"href":"https:\/\/www.evearly.news\/fr\/wp-json\/wp\/v2\/posts\/2146","targetHints":{"allow":["GET"]}}],"collection":[{"href":"https:\/\/www.evearly.news\/fr\/wp-json\/wp\/v2\/posts"}],"about":[{"href":"https:\/\/www.evearly.news\/fr\/wp-json\/wp\/v2\/types\/post"}],"author":[{"embeddable":true,"href":"https:\/\/www.evearly.news\/fr\/wp-json\/wp\/v2\/users\/8"}],"replies":[{"embeddable":true,"href":"https:\/\/www.evearly.news\/fr\/wp-json\/wp\/v2\/comments?post=2146"}],"version-history":[{"count":0,"href":"https:\/\/www.evearly.news\/fr\/wp-json\/wp\/v2\/posts\/2146\/revisions"}],"wp:attachment":[{"href":"https:\/\/www.evearly.news\/fr\/wp-json\/wp\/v2\/media?parent=2146"}],"wp:term":[{"taxonomy":"category","embeddable":true,"href":"https:\/\/www.evearly.news\/fr\/wp-json\/wp\/v2\/categories?post=2146"},{"taxonomy":"post_tag","embeddable":true,"href":"https:\/\/www.evearly.news\/fr\/wp-json\/wp\/v2\/tags?post=2146"}],"curies":[{"name":"wp","href":"https:\/\/api.w.org\/{rel}","templated":true}]}}