{"id":214732,"date":"2022-12-15T09:15:01","date_gmt":"2022-12-15T08:15:01","guid":{"rendered":"https:\/\/www.avem.fr\/?p=51372"},"modified":"2023-08-17T18:42:57","modified_gmt":"2023-08-17T18:42:57","slug":"camions-bus-avions-pipeline-des-avancees-pour-lhydrogene","status":"publish","type":"post","link":"https:\/\/www.evearly.news\/fr\/camions-bus-avions-pipeline-des-avancees-pour-lhydrogene\/","title":{"rendered":"Camions, bus, avions, pipeline : des avanc\u00e9es pour l\u2019Hydrog\u00e8ne"},"content":{"rendered":"<p><img decoding=\"async\" width=\"1000\" height=\"563\" src=\"https:\/\/news.evearly.com\/wp-content\/uploads\/2022\/12\/camions-bus-avions-pipeline-des-avancees-pour-lhydrogene.jpg\" class=\"attachment-post-thumbnail size-post-thumbnail wp-post-image\" alt=\"Hydrog\u00e8ne Camions Bus Avions\" loading=\"lazy\" \/>M\u00eame si certains constructeurs travaillent dessus, l\u2019hydrog\u00e8ne n\u2019apparait pas encore comme une solution de masse pour les d\u00e9placements en voiture. Par contre, \u00e0 moyen terme, il pourrait devenir une alternative cr\u00e9dible pour d\u2019autres modes de d\u00e9placement. D\u2019ailleurs, en cette fin d\u2019ann\u00e9e, plusieurs projets semblent marquer des avanc\u00e9es sur l\u2019utilisation de [\u2026] <a href=\"https:\/\/www.avem.fr\/2022\/12\/15\/camions-bus-avions-pipeline-des-avancees-pour-lhydrogene\/\" target=\"blank\" rel=\"noopener\">Lire la suite&#8230;<\/a><\/p>\n","protected":false},"excerpt":{"rendered":"<p><img decoding=\"async\" width=\"1000\" height=\"563\" src=\"https:\/\/news.evearly.com\/wp-content\/uploads\/2022\/12\/camions-bus-avions-pipeline-des-avancees-pour-lhydrogene.jpg\" class=\"attachment-post-thumbnail size-post-thumbnail wp-post-image\" alt=\"Hydrog\u00e8ne Camions Bus Avions\" loading=\"lazy\" \/>M\u00eame si certains constructeurs travaillent dessus, l\u2019hydrog\u00e8ne n\u2019apparait pas encore comme une solution de masse pour les d\u00e9placements en voiture. Par contre, \u00e0 moyen terme, il pourrait devenir une alternative cr\u00e9dible pour d\u2019autres modes de d\u00e9placement. D\u2019ailleurs, en cette fin d\u2019ann\u00e9e, plusieurs projets semblent marquer des avanc\u00e9es sur l\u2019utilisation de [\u2026] <a class=\"continue-reading-link\" href=\"https:\/\/www.evearly.news\/fr\/camions-bus-avions-pipeline-des-avancees-pour-lhydrogene\/\"><\/a><\/p>\n","protected":false},"author":3,"featured_media":0,"comment_status":"closed","ping_status":"closed","sticky":false,"template":"","format":"standard","meta":{"footnotes":""},"categories":[3],"tags":[],"class_list":["post-214732","post","type-post","status-publish","format-standard","hentry","category-avem"],"_links":{"self":[{"href":"https:\/\/www.evearly.news\/fr\/wp-json\/wp\/v2\/posts\/214732","targetHints":{"allow":["GET"]}}],"collection":[{"href":"https:\/\/www.evearly.news\/fr\/wp-json\/wp\/v2\/posts"}],"about":[{"href":"https:\/\/www.evearly.news\/fr\/wp-json\/wp\/v2\/types\/post"}],"author":[{"embeddable":true,"href":"https:\/\/www.evearly.news\/fr\/wp-json\/wp\/v2\/users\/3"}],"replies":[{"embeddable":true,"href":"https:\/\/www.evearly.news\/fr\/wp-json\/wp\/v2\/comments?post=214732"}],"version-history":[{"count":1,"href":"https:\/\/www.evearly.news\/fr\/wp-json\/wp\/v2\/posts\/214732\/revisions"}],"predecessor-version":[{"id":256493,"href":"https:\/\/www.evearly.news\/fr\/wp-json\/wp\/v2\/posts\/214732\/revisions\/256493"}],"wp:attachment":[{"href":"https:\/\/www.evearly.news\/fr\/wp-json\/wp\/v2\/media?parent=214732"}],"wp:term":[{"taxonomy":"category","embeddable":true,"href":"https:\/\/www.evearly.news\/fr\/wp-json\/wp\/v2\/categories?post=214732"},{"taxonomy":"post_tag","embeddable":true,"href":"https:\/\/www.evearly.news\/fr\/wp-json\/wp\/v2\/tags?post=214732"}],"curies":[{"name":"wp","href":"https:\/\/api.w.org\/{rel}","templated":true}]}}