{"id":215375,"date":"2022-12-19T10:40:28","date_gmt":"2022-12-19T09:40:28","guid":{"rendered":"https:\/\/www.frandroid.com\/marques\/toyota\/1567839_la-nouvelle-voiture-electrique-de-toyota-a-autant-dautonomie-quune-tesla-model-3-et-coute-moins-cher"},"modified":"2023-10-03T11:06:47","modified_gmt":"2023-10-03T09:06:47","slug":"la-nouvelle-voiture-electrique-de-toyota-a-autant-dautonomie-quune-tesla-model-3-et-coute-moins-cher","status":"publish","type":"post","link":"https:\/\/www.evearly.news\/fr\/la-nouvelle-voiture-electrique-de-toyota-a-autant-dautonomie-quune-tesla-model-3-et-coute-moins-cher\/","title":{"rendered":"La nouvelle voiture \u00e9lectrique de Toyota a autant d\u2019autonomie qu\u2019une Tesla Model 3, et co\u00fbte moins cher"},"content":{"rendered":"<p><img loading=\"lazy\" decoding=\"async\" class=\"alignnone size-medium wp-image-1517874\" src=\"https:\/\/news.evearly.com\/wp-content\/uploads\/2022\/12\/la-nouvelle-voiture-electrique-de-toyota-a-autant-dautonomie-quune-tesla-model-3-et-coute-moins-cher.jpg\" sizes=\"auto, (max-width: 1200px) 100vw, 1200px\" srcset=\"https:\/\/news.evearly.com\/wp-content\/uploads\/2022\/12\/la-nouvelle-voiture-electrique-de-toyota-a-autant-dautonomie-quune-tesla-model-3-et-coute-moins-cher.jpg 1200w, https:\/\/news.evearly.com\/wp-content\/uploads\/2022\/12\/la-nouvelle-voiture-electrique-de-toyota-a-autant-dautonomie-quune-tesla-model-3-et-coute-moins-cher-1.jpg 768w, https:\/\/news.evearly.com\/wp-content\/uploads\/2022\/12\/la-nouvelle-voiture-electrique-de-toyota-a-autant-dautonomie-quune-tesla-model-3-et-coute-moins-cher-2.jpg 928w, https:\/\/images.frandroid.com\/wp-content\/uploads\/2022\/10\/toyota-bz3-300x169.jpeg 300w\" alt=\"\" width=\"1200\" height=\"675\" \/><br \/>\nToyota donne plus de d\u00e9tails sur sa future bZ3, une voiture \u00e9lectrique rivale de la Tesla Model 3 et con\u00e7ue en partenariat avec le g\u00e9ant chinois BYD. D&rsquo;abord vendue en Chine, celle-ci pourrait d\u00e9barquer en Europe un peu plus tard. Si Toyota n\u2019a jamais \u00e9t\u00e9 un fervent d\u00e9fenseur du 100 % \u00e9lectrique, la firme japonaise [\u2026] <a href=\"https:\/\/www.frandroid.com\/marques\/toyota\/1567839_la-nouvelle-voiture-electrique-de-toyota-a-autant-dautonomie-quune-tesla-model-3-et-coute-moins-cher\" target=\"blank\" rel=\"noopener\">Lire la suite&#8230;<\/a><\/p>\n","protected":false},"excerpt":{"rendered":"<p>&#8230; <a class=\"continue-reading-link\" href=\"https:\/\/www.evearly.news\/fr\/la-nouvelle-voiture-electrique-de-toyota-a-autant-dautonomie-quune-tesla-model-3-et-coute-moins-cher\/\"><\/a><\/p>\n","protected":false},"author":6,"featured_media":0,"comment_status":"closed","ping_status":"closed","sticky":false,"template":"","format":"standard","meta":{"footnotes":""},"categories":[14],"tags":[],"class_list":["post-215375","post","type-post","status-publish","format-standard","hentry","category-frandroid"],"_links":{"self":[{"href":"https:\/\/www.evearly.news\/fr\/wp-json\/wp\/v2\/posts\/215375","targetHints":{"allow":["GET"]}}],"collection":[{"href":"https:\/\/www.evearly.news\/fr\/wp-json\/wp\/v2\/posts"}],"about":[{"href":"https:\/\/www.evearly.news\/fr\/wp-json\/wp\/v2\/types\/post"}],"author":[{"embeddable":true,"href":"https:\/\/www.evearly.news\/fr\/wp-json\/wp\/v2\/users\/6"}],"replies":[{"embeddable":true,"href":"https:\/\/www.evearly.news\/fr\/wp-json\/wp\/v2\/comments?post=215375"}],"version-history":[{"count":2,"href":"https:\/\/www.evearly.news\/fr\/wp-json\/wp\/v2\/posts\/215375\/revisions"}],"predecessor-version":[{"id":264083,"href":"https:\/\/www.evearly.news\/fr\/wp-json\/wp\/v2\/posts\/215375\/revisions\/264083"}],"wp:attachment":[{"href":"https:\/\/www.evearly.news\/fr\/wp-json\/wp\/v2\/media?parent=215375"}],"wp:term":[{"taxonomy":"category","embeddable":true,"href":"https:\/\/www.evearly.news\/fr\/wp-json\/wp\/v2\/categories?post=215375"},{"taxonomy":"post_tag","embeddable":true,"href":"https:\/\/www.evearly.news\/fr\/wp-json\/wp\/v2\/tags?post=215375"}],"curies":[{"name":"wp","href":"https:\/\/api.w.org\/{rel}","templated":true}]}}