{"id":216132,"date":"2022-12-22T12:17:50","date_gmt":"2022-12-22T11:17:50","guid":{"rendered":"https:\/\/www.frandroid.com\/marques\/bmw\/1570483_bientot-1-000-km-dautonomie-et-une-recharge-eclair-pour-les-voitures-electriques-de-bmw"},"modified":"2023-10-03T10:40:00","modified_gmt":"2023-10-03T08:40:00","slug":"bientot-1-000-km-dautonomie-et-une-recharge-eclair-pour-les-voitures-electriques-de-bmw","status":"publish","type":"post","link":"https:\/\/www.evearly.news\/fr\/bientot-1-000-km-dautonomie-et-une-recharge-eclair-pour-les-voitures-electriques-de-bmw\/","title":{"rendered":"Bient\u00f4t 1 000 km d\u2019autonomie et une recharge \u00e9clair pour les voitures \u00e9lectriques de BMW ?"},"content":{"rendered":"<p><img loading=\"lazy\" decoding=\"async\" class=\"alignnone size-medium wp-image-1487202\" src=\"https:\/\/news.evearly.com\/wp-content\/uploads\/2022\/12\/bientot-1-000-km-dautonomie-et-une-recharge-eclair-pour-les-voitures-electriques-de-bmw.jpg\" sizes=\"auto, (max-width: 1200px) 100vw, 1200px\" srcset=\"https:\/\/news.evearly.com\/wp-content\/uploads\/2022\/12\/bientot-1-000-km-dautonomie-et-une-recharge-eclair-pour-les-voitures-electriques-de-bmw.jpg 1200w, https:\/\/news.evearly.com\/wp-content\/uploads\/2022\/12\/bientot-1-000-km-dautonomie-et-une-recharge-eclair-pour-les-voitures-electriques-de-bmw-1.jpg 768w, https:\/\/news.evearly.com\/wp-content\/uploads\/2022\/12\/bientot-1-000-km-dautonomie-et-une-recharge-eclair-pour-les-voitures-electriques-de-bmw-2.jpg 928w, https:\/\/images.frandroid.com\/wp-content\/uploads\/2022\/09\/bmw-i4-edrive-35-300x200.jpg 300w\" alt=\"\" width=\"1200\" height=\"800\" \/><br \/>\nBMW d\u00e9veloppe son partenariat avec l&rsquo;entreprise Solid State, sp\u00e9cialis\u00e9e dans les batteries solides. Ainsi, le constructeur aura acc\u00e8s \u00e0 toutes les ressources de recherche et d\u00e9veloppement de la firme et pourra ainsi produire ses propres accumulateurs dans son usine allemande. Alors que les technologies se d\u00e9veloppent dans le domaine de la voiture \u00e9lectrique, il existe [\u2026] <a href=\"https:\/\/www.frandroid.com\/marques\/bmw\/1570483_bientot-1-000-km-dautonomie-et-une-recharge-eclair-pour-les-voitures-electriques-de-bmw\" target=\"blank\" rel=\"noopener\">Lire la suite&#8230;<\/a><\/p>\n","protected":false},"excerpt":{"rendered":"<p>&#8230; <a class=\"continue-reading-link\" href=\"https:\/\/www.evearly.news\/fr\/bientot-1-000-km-dautonomie-et-une-recharge-eclair-pour-les-voitures-electriques-de-bmw\/\"><\/a><\/p>\n","protected":false},"author":6,"featured_media":0,"comment_status":"closed","ping_status":"closed","sticky":false,"template":"","format":"standard","meta":{"footnotes":""},"categories":[14],"tags":[],"class_list":["post-216132","post","type-post","status-publish","format-standard","hentry","category-frandroid"],"_links":{"self":[{"href":"https:\/\/www.evearly.news\/fr\/wp-json\/wp\/v2\/posts\/216132","targetHints":{"allow":["GET"]}}],"collection":[{"href":"https:\/\/www.evearly.news\/fr\/wp-json\/wp\/v2\/posts"}],"about":[{"href":"https:\/\/www.evearly.news\/fr\/wp-json\/wp\/v2\/types\/post"}],"author":[{"embeddable":true,"href":"https:\/\/www.evearly.news\/fr\/wp-json\/wp\/v2\/users\/6"}],"replies":[{"embeddable":true,"href":"https:\/\/www.evearly.news\/fr\/wp-json\/wp\/v2\/comments?post=216132"}],"version-history":[{"count":2,"href":"https:\/\/www.evearly.news\/fr\/wp-json\/wp\/v2\/posts\/216132\/revisions"}],"predecessor-version":[{"id":264046,"href":"https:\/\/www.evearly.news\/fr\/wp-json\/wp\/v2\/posts\/216132\/revisions\/264046"}],"wp:attachment":[{"href":"https:\/\/www.evearly.news\/fr\/wp-json\/wp\/v2\/media?parent=216132"}],"wp:term":[{"taxonomy":"category","embeddable":true,"href":"https:\/\/www.evearly.news\/fr\/wp-json\/wp\/v2\/categories?post=216132"},{"taxonomy":"post_tag","embeddable":true,"href":"https:\/\/www.evearly.news\/fr\/wp-json\/wp\/v2\/tags?post=216132"}],"curies":[{"name":"wp","href":"https:\/\/api.w.org\/{rel}","templated":true}]}}