{"id":216144,"date":"2022-12-22T11:58:36","date_gmt":"2022-12-22T10:58:36","guid":{"rendered":"https:\/\/www.frandroid.com\/marques\/citroen\/1570499_la-citroen-ami-buggy-est-de-retour-les-stocks-seront-ils-suffisants"},"modified":"2023-10-03T10:41:36","modified_gmt":"2023-10-03T08:41:36","slug":"la-citroen-ami-buggy-est-de-retour-les-stocks-seront-ils-suffisants","status":"publish","type":"post","link":"https:\/\/www.evearly.news\/fr\/la-citroen-ami-buggy-est-de-retour-les-stocks-seront-ils-suffisants\/","title":{"rendered":"La Citro\u00ebn Ami Buggy est de retour : les stocks seront-ils suffisants ?"},"content":{"rendered":"<p><img loading=\"lazy\" decoding=\"async\" class=\"size-medium wp-image-1570805\" src=\"https:\/\/news.evearly.com\/wp-content\/uploads\/2022\/12\/la-citroen-ami-buggy-est-de-retour-les-stocks-seront-ils-suffisants.jpg\" sizes=\"auto, (max-width: 1200px) 100vw, 1200px\" srcset=\"https:\/\/news.evearly.com\/wp-content\/uploads\/2022\/12\/la-citroen-ami-buggy-est-de-retour-les-stocks-seront-ils-suffisants.jpg 1200w, https:\/\/news.evearly.com\/wp-content\/uploads\/2022\/12\/la-citroen-ami-buggy-est-de-retour-les-stocks-seront-ils-suffisants-1.jpg 768w, https:\/\/news.evearly.com\/wp-content\/uploads\/2022\/12\/la-citroen-ami-buggy-est-de-retour-les-stocks-seront-ils-suffisants-2.jpg 928w, https:\/\/images.frandroid.com\/wp-content\/uploads\/2022\/12\/citroen-ami-buggy-300x172.jpg 300w\" alt=\"Citroen Ami Buggy\" width=\"1200\" height=\"688\" \/><br \/>\nEn juin dernier, Citro\u00ebn pr\u00e9sentait My Ami Buggy, une version baroudeuse et d\u00e9lur\u00e9e du quadricyle \u00e9lectrique. Seulement 50 exemplaires avaient \u00e9t\u00e9 produits, tous vendus en 18 minutes. Mais la marque pense aux d\u00e9\u00e7us et s&rsquo;appr\u00eate \u00e0 lancer une nouvelle fourn\u00e9e.C\u2019est un succ\u00e8s sur lequel peu auraient pari\u00e9. Et pourtant. Au mois de juin dernier, Citro\u00ebn [\u2026] <a href=\"https:\/\/www.frandroid.com\/marques\/citroen\/1570499_la-citroen-ami-buggy-est-de-retour-les-stocks-seront-ils-suffisants\" target=\"blank\" rel=\"noopener\">Lire la suite&#8230;<\/a><\/p>\n","protected":false},"excerpt":{"rendered":"<p>&#8230; <a class=\"continue-reading-link\" href=\"https:\/\/www.evearly.news\/fr\/la-citroen-ami-buggy-est-de-retour-les-stocks-seront-ils-suffisants\/\"><\/a><\/p>\n","protected":false},"author":6,"featured_media":0,"comment_status":"closed","ping_status":"closed","sticky":false,"template":"","format":"standard","meta":{"footnotes":""},"categories":[14],"tags":[],"class_list":["post-216144","post","type-post","status-publish","format-standard","hentry","category-frandroid"],"_links":{"self":[{"href":"https:\/\/www.evearly.news\/fr\/wp-json\/wp\/v2\/posts\/216144","targetHints":{"allow":["GET"]}}],"collection":[{"href":"https:\/\/www.evearly.news\/fr\/wp-json\/wp\/v2\/posts"}],"about":[{"href":"https:\/\/www.evearly.news\/fr\/wp-json\/wp\/v2\/types\/post"}],"author":[{"embeddable":true,"href":"https:\/\/www.evearly.news\/fr\/wp-json\/wp\/v2\/users\/6"}],"replies":[{"embeddable":true,"href":"https:\/\/www.evearly.news\/fr\/wp-json\/wp\/v2\/comments?post=216144"}],"version-history":[{"count":2,"href":"https:\/\/www.evearly.news\/fr\/wp-json\/wp\/v2\/posts\/216144\/revisions"}],"predecessor-version":[{"id":264049,"href":"https:\/\/www.evearly.news\/fr\/wp-json\/wp\/v2\/posts\/216144\/revisions\/264049"}],"wp:attachment":[{"href":"https:\/\/www.evearly.news\/fr\/wp-json\/wp\/v2\/media?parent=216144"}],"wp:term":[{"taxonomy":"category","embeddable":true,"href":"https:\/\/www.evearly.news\/fr\/wp-json\/wp\/v2\/categories?post=216144"},{"taxonomy":"post_tag","embeddable":true,"href":"https:\/\/www.evearly.news\/fr\/wp-json\/wp\/v2\/tags?post=216144"}],"curies":[{"name":"wp","href":"https:\/\/api.w.org\/{rel}","templated":true}]}}