{"id":216183,"date":"2022-12-22T15:12:29","date_gmt":"2022-12-22T14:12:29","guid":{"rendered":"https:\/\/www.caradisiac.com\/tesla-est-elle-en-train-de-devenir-une-marque-de-droite-199858.htm#xtor=RSS-40"},"modified":"2022-12-22T15:12:29","modified_gmt":"2022-12-22T14:12:29","slug":"tesla-est-elle-en-train-de-devenir-une-marque-de-droite","status":"publish","type":"post","link":"https:\/\/www.evearly.news\/fr\/tesla-est-elle-en-train-de-devenir-une-marque-de-droite\/","title":{"rendered":"Tesla est-elle en train de devenir une marque de droite ?"},"content":{"rendered":"<p><img decoding=\"async\" src=\"https:\/\/news.evearly.com\/wp-content\/uploads\/2022\/12\/tesla-est-elle-en-train-de-devenir-une-marque-de-droite.jpg\" \/> Depuis l\u2019arriv\u00e9e d\u2019Elon Musk \u00e0 la t\u00eate de Twitter, ses d\u00e9cisions et l\u2019\u00e9talement de ses opinions politiques surprennent les\u00a0habitu\u00e9s de Tesla. Ces \u00e9v\u00e8nements\u00a0pourraient m\u00eame changer le profil des clients. <a href=\"https:\/\/www.caradisiac.com\/tesla-est-elle-en-train-de-devenir-une-marque-de-droite-199858.htm#xtor=RSS-40\" target=\"blank\" rel=\"noopener\">Lire la suite&#8230;<\/a><\/p>\n","protected":false},"excerpt":{"rendered":"<p><img decoding=\"async\" src=\"https:\/\/news.evearly.com\/wp-content\/uploads\/2022\/12\/tesla-est-elle-en-train-de-devenir-une-marque-de-droite.jpg\" \/> Depuis l\u2019arriv\u00e9e d\u2019Elon Musk \u00e0 la t\u00eate de Twitter, ses d\u00e9cisions et l\u2019\u00e9talement de ses opinions politiques surprennent les\u00a0habitu\u00e9s de Tesla. Ces \u00e9v\u00e8nements\u00a0pourraient m\u00eame changer le profil des clients.<\/p>\n<p> <a class=\"continue-reading-link\" href=\"https:\/\/www.evearly.news\/fr\/tesla-est-elle-en-train-de-devenir-une-marque-de-droite\/\"><\/a><\/p>\n","protected":false},"author":11,"featured_media":0,"comment_status":"closed","ping_status":"closed","sticky":false,"template":"","format":"standard","meta":{"footnotes":""},"categories":[11],"tags":[],"class_list":["post-216183","post","type-post","status-publish","format-standard","hentry","category-caradisiac"],"_links":{"self":[{"href":"https:\/\/www.evearly.news\/fr\/wp-json\/wp\/v2\/posts\/216183","targetHints":{"allow":["GET"]}}],"collection":[{"href":"https:\/\/www.evearly.news\/fr\/wp-json\/wp\/v2\/posts"}],"about":[{"href":"https:\/\/www.evearly.news\/fr\/wp-json\/wp\/v2\/types\/post"}],"author":[{"embeddable":true,"href":"https:\/\/www.evearly.news\/fr\/wp-json\/wp\/v2\/users\/11"}],"replies":[{"embeddable":true,"href":"https:\/\/www.evearly.news\/fr\/wp-json\/wp\/v2\/comments?post=216183"}],"version-history":[{"count":0,"href":"https:\/\/www.evearly.news\/fr\/wp-json\/wp\/v2\/posts\/216183\/revisions"}],"wp:attachment":[{"href":"https:\/\/www.evearly.news\/fr\/wp-json\/wp\/v2\/media?parent=216183"}],"wp:term":[{"taxonomy":"category","embeddable":true,"href":"https:\/\/www.evearly.news\/fr\/wp-json\/wp\/v2\/categories?post=216183"},{"taxonomy":"post_tag","embeddable":true,"href":"https:\/\/www.evearly.news\/fr\/wp-json\/wp\/v2\/tags?post=216183"}],"curies":[{"name":"wp","href":"https:\/\/api.w.org\/{rel}","templated":true}]}}