{"id":216195,"date":"2022-12-22T15:20:39","date_gmt":"2022-12-22T14:20:39","guid":{"rendered":"https:\/\/www.frandroid.com\/produits-android\/automobile\/voitures-electriques\/1570763_les-batteries-des-voitures-electriques-europeennes-seront-moins-polluantes-voici-pourquoi"},"modified":"2023-10-03T10:39:32","modified_gmt":"2023-10-03T08:39:32","slug":"les-batteries-des-voitures-electriques-europeennes-seront-moins-polluantes-voici-pourquoi","status":"publish","type":"post","link":"https:\/\/www.evearly.news\/fr\/les-batteries-des-voitures-electriques-europeennes-seront-moins-polluantes-voici-pourquoi\/","title":{"rendered":"Les batteries des voitures \u00e9lectriques europ\u00e9ennes seront moins polluantes : voici pourquoi"},"content":{"rendered":"<p><img loading=\"lazy\" decoding=\"async\" class=\"size-medium wp-image-1458196\" src=\"https:\/\/news.evearly.com\/wp-content\/uploads\/2022\/12\/les-batteries-des-voitures-electriques-europeennes-seront-moins-polluantes-voici-pourquoi.jpg\" sizes=\"auto, (max-width: 1200px) 100vw, 1200px\" srcset=\"https:\/\/news.evearly.com\/wp-content\/uploads\/2022\/12\/les-batteries-des-voitures-electriques-europeennes-seront-moins-polluantes-voici-pourquoi.jpg 1200w, https:\/\/news.evearly.com\/wp-content\/uploads\/2022\/12\/les-batteries-des-voitures-electriques-europeennes-seront-moins-polluantes-voici-pourquoi-1.jpg 768w, https:\/\/news.evearly.com\/wp-content\/uploads\/2022\/12\/les-batteries-des-voitures-electriques-europeennes-seront-moins-polluantes-voici-pourquoi-2.jpg 928w, https:\/\/images.frandroid.com\/wp-content\/uploads\/2022\/09\/catl-allemagne-300x101.jpeg 300w\" alt=\"L'usine CATL en Allemagne\" width=\"1200\" height=\"406\" \/><br \/>\nCATL, g\u00e9ant chinois de la fabrication de batteries pour voitures \u00e9lectriques vient de d\u00e9buter la production de ses premi\u00e8res cellules en Allemagne. Un tournant pour l&rsquo;entreprise, qui devance alors Tesla. Et c&rsquo;est plut\u00f4t une bonne nouvelle pour l&rsquo;environnement.Encore m\u00e9connues il y a quelques ann\u00e9es, les marques chinoises envahissent aujourd\u2019hui massivement le march\u00e9 europ\u00e9en. On pense [\u2026] <a href=\"https:\/\/www.frandroid.com\/produits-android\/automobile\/voitures-electriques\/1570763_les-batteries-des-voitures-electriques-europeennes-seront-moins-polluantes-voici-pourquoi\" target=\"blank\" rel=\"noopener\">Lire la suite&#8230;<\/a><\/p>\n","protected":false},"excerpt":{"rendered":"<p>&#8230; <a class=\"continue-reading-link\" href=\"https:\/\/www.evearly.news\/fr\/les-batteries-des-voitures-electriques-europeennes-seront-moins-polluantes-voici-pourquoi\/\"><\/a><\/p>\n","protected":false},"author":6,"featured_media":0,"comment_status":"closed","ping_status":"closed","sticky":false,"template":"","format":"standard","meta":{"footnotes":""},"categories":[14],"tags":[],"class_list":["post-216195","post","type-post","status-publish","format-standard","hentry","category-frandroid"],"_links":{"self":[{"href":"https:\/\/www.evearly.news\/fr\/wp-json\/wp\/v2\/posts\/216195","targetHints":{"allow":["GET"]}}],"collection":[{"href":"https:\/\/www.evearly.news\/fr\/wp-json\/wp\/v2\/posts"}],"about":[{"href":"https:\/\/www.evearly.news\/fr\/wp-json\/wp\/v2\/types\/post"}],"author":[{"embeddable":true,"href":"https:\/\/www.evearly.news\/fr\/wp-json\/wp\/v2\/users\/6"}],"replies":[{"embeddable":true,"href":"https:\/\/www.evearly.news\/fr\/wp-json\/wp\/v2\/comments?post=216195"}],"version-history":[{"count":2,"href":"https:\/\/www.evearly.news\/fr\/wp-json\/wp\/v2\/posts\/216195\/revisions"}],"predecessor-version":[{"id":264044,"href":"https:\/\/www.evearly.news\/fr\/wp-json\/wp\/v2\/posts\/216195\/revisions\/264044"}],"wp:attachment":[{"href":"https:\/\/www.evearly.news\/fr\/wp-json\/wp\/v2\/media?parent=216195"}],"wp:term":[{"taxonomy":"category","embeddable":true,"href":"https:\/\/www.evearly.news\/fr\/wp-json\/wp\/v2\/categories?post=216195"},{"taxonomy":"post_tag","embeddable":true,"href":"https:\/\/www.evearly.news\/fr\/wp-json\/wp\/v2\/tags?post=216195"}],"curies":[{"name":"wp","href":"https:\/\/api.w.org\/{rel}","templated":true}]}}